{"id":2497,"date":"2023-12-13T18:31:05","date_gmt":"2023-12-13T18:31:05","guid":{"rendered":"https:\/\/grupolifandi.com.mx\/blog\/?p=2497"},"modified":"2023-12-20T19:35:58","modified_gmt":"2023-12-20T19:35:58","slug":"que-es-la-logistica-de-almacen","status":"publish","type":"post","link":"https:\/\/grupolifandi.com.mx\/blog\/que-es-la-logistica-de-almacen\/","title":{"rendered":"\u00bfQu\u00e9 es la log\u00edstica de Almac\u00e9n?"},"content":{"rendered":"\n<p>En el siguiente post vamos a descubrir c\u00f3mo funciona la log\u00edstica de almac\u00e9n. Adem\u00e1s, te compartimos consejos \u00fatiles para  organizarlo y que todo est\u00e9 en su lugar. Cuando hablamos de log\u00edstica de almac\u00e9n, nos referimos a c\u00f3mo se planifica, organiza y controla el movimiento de cosas dentro de este.\u00a0<\/p>\n\n\n\n<h2 class=\"wp-block-heading\" id=\"h-cuales-son-las-partes-primordiales-que-componen-un-almacen\">\u00bfCu\u00e1les son las partes primordiales que componen un Almac\u00e9n?<\/h2>\n\n\n\n<h3 class=\"wp-block-heading\" id=\"h-1-las-estanterias-o-racks\"><strong>1. Las Estanter\u00edas o Racks<\/strong>.<\/h3>\n\n\n\n<p>Existen diferentes tipos de almac\u00e9n, cada tipo de estanter\u00eda se utiliza seg\u00fan la naturaleza de los productos a almacenar. Aqu\u00ed es donde se colocan las cajas y tarimas. Si quieres saber qu\u00e9 tipo de estanter\u00eda o rack debes utilizar checa nuestro art\u00edculo titulado: <a href=\"https:\/\/grupolifandi.com.mx\/blog\/tipos-de-racks-industriales-para-tu-almacen\/\">los diferentes tipos de racks. <\/a>Tambi\u00e9n puedes descargar nuestra<a href=\"https:\/\/grupolifandi.com.mx\/blog\/wp-content\/uploads\/2023\/10\/guia-para-elegir-racks-de-almacen.pdf\"> gu\u00eda para elegir racks de almac\u00e9n<\/a> que te acompa\u00f1a paso a paso para elegir un sistema de almacenamiento a la medida de tus necesidades.<\/p>\n\n\n\n<h3 class=\"wp-block-heading\" id=\"h-2-la-zona-de-recepcion\"><strong>2. La Zona de Recepci\u00f3n.<\/strong><\/h3>\n\n\n\n<p>Es como la entrada del almac\u00e9n. Aqu\u00ed llegan todos los productos y mercanc\u00edas nuevas y se registran, este proceso es conocido como el proceso de <a href=\"https:\/\/grupolifandi.com.mx\/blog\/como-se-lleva-a-cabo-la-recepcion-de-mercancia\/\">recepci\u00f3n de mercanc\u00edas<\/a>. Este proceso es crucial para asegurar el buen funcionamiento de la <a href=\"https:\/\/grupolifandi.com.mx\/blog\/que-es-una-cadena-de-suministro-y-un-ejemplo\/\">cadena de suministro<\/a>.<\/p>\n\n\n\n<h3 class=\"wp-block-heading\" id=\"h-3-area-de-picking-y-packing-nbsp\"><strong>3. \u00c1rea de Picking y Packing<\/strong>.&nbsp;<\/h3>\n\n\n\n<p>El \u00e1rea de <a href=\"https:\/\/grupolifandi.com.mx\/rack-picking\">picking <\/a>en el almac\u00e9n, es el \u00e1rea donde se <strong>eligen, empaquetan y despachan<\/strong> los productos para que se env\u00eden a su destino.&nbsp;<\/p>\n\n\n\n<h3 class=\"wp-block-heading\" id=\"h-4-gestion-de-inventarios\"><strong>4. Gesti\u00f3n de Inventarios.<\/strong><\/h3>\n\n\n\n<p>Un aspecto primordial de la log\u00edstica de almac\u00e9n es el uso de un <a href=\"https:\/\/sistemaenkel.com.mx\/software-de-control-de-inventarios\">software para el control de inventarios<\/a>. Esto se debe a que a trav\u00e9s de un software es m\u00e1s f\u00e1cil monitorear todos los movimientos de entrada y salida de almac\u00e9n. Adem\u00e1s, te permitir\u00e1 conectar diferentes \u00e1reas en una sola plataforma, como compras, ventas e inventarios en un solo lugar.&nbsp;<\/p>\n\n\n\n<h2 class=\"wp-block-heading\" id=\"h-3-nbsp-consejos-para-una-logistica-de-almacen-perfecta\">3&nbsp; Consejos para una Log\u00edstica de Almac\u00e9n Perfecta<\/h2>\n\n\n\n<p>1.<strong> Etiqueta Todo:<\/strong> En un almac\u00e9n, las etiquetas ayudan a saber qu\u00e9 hay en cada estante.<\/p>\n\n\n\n<p>2. <strong>Mant\u00e9n un Registro:<\/strong> Un sistema de inventarios es crucial las existencias dentro de un almac\u00e9n.<\/p>\n\n\n\n<p>3. <strong>Espacio para Crecer<\/strong>. Al hacer el dise\u00f1o o <a href=\"https:\/\/grupolifandi.com.mx\/blog\/como-hacer-un-layout-de-almacen\/\">layout de almac\u00e9n<\/a> es necesario que tomes en cuenta que tu negocio puede crecer y, por lo tanto, tu capacidad de almacenamiento tambi\u00e9n deber\u00e1 ser mayor y para eso necesitar\u00e1s mayor espacio de almacenamiento.&nbsp;<\/p>\n\n\n\n<h3 class=\"wp-block-heading\" id=\"h-necesitas-optimizar-la-logistica-de-tu-almacen\">\u00bfNecesitas optimizar la log\u00edstica de tu almac\u00e9n?<\/h3>\n\n\n\n<p>Conoce nuestro<a href=\"https:\/\/sistemaenkel.com.mx\/software-de-control-de-inventarios\"> software de inventarios<\/a> y conecta todos tus procesos de log\u00edstica de almac\u00e9n en un solo lugar. Descubre como funciona e impulsa la optimizaci\u00f3n de tu almac\u00e9n.&nbsp;<\/p>\n\n\n\n<div style=\"height:18px\" aria-hidden=\"true\" class=\"wp-block-spacer\"><\/div>\n\n\n\n<div class=\"wp-block-buttons is-content-justification-center is-layout-flex wp-container-core-buttons-layout-1 wp-block-buttons-is-layout-flex\">\n<div class=\"wp-block-button\"><a class=\"wp-block-button__link wp-element-button\" href=\"https:\/\/grupolifandi.com.mx\/contacto\">Cont\u00e1ctanos<\/a><\/div>\n<\/div>\n\n\n\n<div style=\"height:49px\" aria-hidden=\"true\" class=\"wp-block-spacer\"><\/div>\n\n\n\n<figure class=\"wp-block-image size-large\" id=\"descargar-guia\"><a href=\"https:\/\/grupolifandi.com.mx\/blog\/wp-content\/uploads\/2023\/10\/guia-para-elegir-racks-de-almacen.pdf\"><img loading=\"lazy\" decoding=\"async\" width=\"1024\" height=\"256\" src=\"https:\/\/grupolifandi.com.mx\/blog\/wp-content\/uploads\/2023\/10\/banner-guia-de-racks-lifandi-1024x256.png\" alt=\"gu\u00eda para elegir racks de almac\u00e9n\" class=\"wp-image-915\" srcset=\"https:\/\/grupolifandi.com.mx\/blog\/wp-content\/uploads\/2023\/10\/banner-guia-de-racks-lifandi-1024x256.png 1024w, https:\/\/grupolifandi.com.mx\/blog\/wp-content\/uploads\/2023\/10\/banner-guia-de-racks-lifandi-300x75.png 300w, https:\/\/grupolifandi.com.mx\/blog\/wp-content\/uploads\/2023\/10\/banner-guia-de-racks-lifandi-768x192.png 768w, https:\/\/grupolifandi.com.mx\/blog\/wp-content\/uploads\/2023\/10\/banner-guia-de-racks-lifandi-1536x384.png 1536w, https:\/\/grupolifandi.com.mx\/blog\/wp-content\/uploads\/2023\/10\/banner-guia-de-racks-lifandi-150x38.png 150w, https:\/\/grupolifandi.com.mx\/blog\/wp-content\/uploads\/2023\/10\/banner-guia-de-racks-lifandi-696x174.png 696w, https:\/\/grupolifandi.com.mx\/blog\/wp-content\/uploads\/2023\/10\/banner-guia-de-racks-lifandi-1068x267.png 1068w, https:\/\/grupolifandi.com.mx\/blog\/wp-content\/uploads\/2023\/10\/banner-guia-de-racks-lifandi.png 1584w\" sizes=\"(max-width: 1024px) 100vw, 1024px\" \/><\/a><figcaption class=\"wp-element-caption\">gu\u00eda para elegir racks de almac\u00e9n<\/figcaption><\/figure>\n","protected":false},"excerpt":{"rendered":"<p>En el siguiente post vamos a descubrir c\u00f3mo funciona la log\u00edstica de almac\u00e9n, que es y como organizar y mantener ese cuarto gigante para que todo est\u00e9 en su lugar.<\/p>\n","protected":false},"author":1,"featured_media":2513,"comment_status":"open","ping_status":"open","sticky":false,"template":"","format":"standard","meta":{"om_disable_all_campaigns":false,"_monsterinsights_skip_tracking":false,"_monsterinsights_sitenote_active":false,"_monsterinsights_sitenote_note":"","_monsterinsights_sitenote_category":0,"_uf_show_specific_survey":0,"_uf_disable_surveys":false,"footnotes":""},"categories":[29],"tags":[],"yoast_head":"<!-- This site is optimized with the Yoast SEO Premium plugin v23.0 (Yoast SEO v23.5) - https:\/\/yoast.com\/wordpress\/plugins\/seo\/ -->\n<title>\u00bfQu\u00e9 es la log\u00edstica de Almac\u00e9n? | Blog<\/title>\n<meta name=\"description\" content=\"Cuando hablamos de log\u00edstica de almac\u00e9n, nos referimos a c\u00f3mo se planifica, organiza y controla el movimiento de cosas.\u00a0\" \/>\n<meta name=\"robots\" content=\"index, follow, max-snippet:-1, max-image-preview:large, max-video-preview:-1\" \/>\n<link rel=\"canonical\" href=\"https:\/\/grupolifandi.com.mx\/blog\/que-es-la-logistica-de-almacen\/\" \/>\n<meta property=\"og:locale\" content=\"es_MX\" \/>\n<meta property=\"og:type\" content=\"article\" \/>\n<meta property=\"og:title\" content=\"\u00bfQu\u00e9 es la log\u00edstica de Almac\u00e9n?\" \/>\n<meta property=\"og:description\" content=\"Cuando hablamos de log\u00edstica de almac\u00e9n, nos referimos a c\u00f3mo se planifica, organiza y controla el movimiento de cosas.\u00a0\" \/>\n<meta property=\"og:url\" content=\"https:\/\/grupolifandi.com.mx\/blog\/que-es-la-logistica-de-almacen\/\" \/>\n<meta property=\"og:site_name\" content=\"Blog\" \/>\n<meta property=\"article:publisher\" content=\"https:\/\/www.facebook.com\/GrupoLifandi\" \/>\n<meta property=\"article:author\" content=\"https:\/\/www.facebook.com\/GrupoLifandi\" \/>\n<meta property=\"article:published_time\" content=\"2023-12-13T18:31:05+00:00\" \/>\n<meta property=\"article:modified_time\" content=\"2023-12-20T19:35:58+00:00\" \/>\n<meta property=\"og:image\" content=\"https:\/\/grupolifandi.com.mx\/blog\/wp-content\/uploads\/2023\/12\/logistica-almacen.png\" \/>\n\t<meta property=\"og:image:width\" content=\"696\" \/>\n\t<meta property=\"og:image:height\" content=\"522\" \/>\n\t<meta property=\"og:image:type\" content=\"image\/png\" \/>\n<meta name=\"author\" content=\"Conoce m\u00e1s sobre nosotros\" \/>\n<meta name=\"twitter:card\" content=\"summary_large_image\" \/>\n<meta name=\"twitter:creator\" content=\"@https:\/\/twitter.com\/GrupoLifandi\" \/>\n<meta name=\"twitter:site\" content=\"@GrupoLifandi\" \/>\n<meta name=\"twitter:label1\" content=\"Escrito por\" \/>\n\t<meta name=\"twitter:data1\" content=\"Conoce m\u00e1s sobre nosotros\" \/>\n\t<meta name=\"twitter:label2\" content=\"Tiempo de lectura\" \/>\n\t<meta name=\"twitter:data2\" content=\"3 minutos\" \/>\n<script type=\"application\/ld+json\" class=\"yoast-schema-graph\">{\"@context\":\"https:\/\/schema.org\",\"@graph\":[{\"@type\":\"Article\",\"@id\":\"https:\/\/grupolifandi.com.mx\/blog\/que-es-la-logistica-de-almacen\/#article\",\"isPartOf\":{\"@id\":\"https:\/\/grupolifandi.com.mx\/blog\/que-es-la-logistica-de-almacen\/\"},\"author\":{\"name\":\"Conoce m\u00e1s sobre nosotros\",\"@id\":\"https:\/\/grupolifandi.com.mx\/blog\/#\/schema\/person\/060d4182d7707f3bab9dffe9c89cfe57\"},\"headline\":\"\u00bfQu\u00e9 es la log\u00edstica de Almac\u00e9n?\",\"datePublished\":\"2023-12-13T18:31:05+00:00\",\"dateModified\":\"2023-12-20T19:35:58+00:00\",\"mainEntityOfPage\":{\"@id\":\"https:\/\/grupolifandi.com.mx\/blog\/que-es-la-logistica-de-almacen\/\"},\"wordCount\":465,\"commentCount\":0,\"publisher\":{\"@id\":\"https:\/\/grupolifandi.com.mx\/blog\/#organization\"},\"image\":{\"@id\":\"https:\/\/grupolifandi.com.mx\/blog\/que-es-la-logistica-de-almacen\/#primaryimage\"},\"thumbnailUrl\":\"https:\/\/grupolifandi.com.mx\/blog\/wp-content\/uploads\/2023\/12\/logistica-almacen.png\",\"articleSection\":[\"Log\u00edstica de Almac\u00e9n\"],\"inLanguage\":\"es-MX\",\"potentialAction\":[{\"@type\":\"CommentAction\",\"name\":\"Comment\",\"target\":[\"https:\/\/grupolifandi.com.mx\/blog\/que-es-la-logistica-de-almacen\/#respond\"]}]},{\"@type\":\"WebPage\",\"@id\":\"https:\/\/grupolifandi.com.mx\/blog\/que-es-la-logistica-de-almacen\/\",\"url\":\"https:\/\/grupolifandi.com.mx\/blog\/que-es-la-logistica-de-almacen\/\",\"name\":\"\u00bfQu\u00e9 es la log\u00edstica de Almac\u00e9n? | Blog\",\"isPartOf\":{\"@id\":\"https:\/\/grupolifandi.com.mx\/blog\/#website\"},\"primaryImageOfPage\":{\"@id\":\"https:\/\/grupolifandi.com.mx\/blog\/que-es-la-logistica-de-almacen\/#primaryimage\"},\"image\":{\"@id\":\"https:\/\/grupolifandi.com.mx\/blog\/que-es-la-logistica-de-almacen\/#primaryimage\"},\"thumbnailUrl\":\"https:\/\/grupolifandi.com.mx\/blog\/wp-content\/uploads\/2023\/12\/logistica-almacen.png\",\"datePublished\":\"2023-12-13T18:31:05+00:00\",\"dateModified\":\"2023-12-20T19:35:58+00:00\",\"description\":\"Cuando hablamos de log\u00edstica de almac\u00e9n, nos referimos a c\u00f3mo se planifica, organiza y controla el movimiento de cosas.\u00a0\",\"breadcrumb\":{\"@id\":\"https:\/\/grupolifandi.com.mx\/blog\/que-es-la-logistica-de-almacen\/#breadcrumb\"},\"inLanguage\":\"es-MX\",\"potentialAction\":[{\"@type\":\"ReadAction\",\"target\":[\"https:\/\/grupolifandi.com.mx\/blog\/que-es-la-logistica-de-almacen\/\"]}]},{\"@type\":\"ImageObject\",\"inLanguage\":\"es-MX\",\"@id\":\"https:\/\/grupolifandi.com.mx\/blog\/que-es-la-logistica-de-almacen\/#primaryimage\",\"url\":\"https:\/\/grupolifandi.com.mx\/blog\/wp-content\/uploads\/2023\/12\/logistica-almacen.png\",\"contentUrl\":\"https:\/\/grupolifandi.com.mx\/blog\/wp-content\/uploads\/2023\/12\/logistica-almacen.png\",\"width\":696,\"height\":522,\"caption\":\"log\u00edstica de almac\u00e9n\"},{\"@type\":\"BreadcrumbList\",\"@id\":\"https:\/\/grupolifandi.com.mx\/blog\/que-es-la-logistica-de-almacen\/#breadcrumb\",\"itemListElement\":[{\"@type\":\"ListItem\",\"position\":1,\"name\":\"Inicio\",\"item\":\"https:\/\/grupolifandi.com.mx\/blog\/\"},{\"@type\":\"ListItem\",\"position\":2,\"name\":\"\u00bfQu\u00e9 es la log\u00edstica de Almac\u00e9n?\"}]},{\"@type\":\"WebSite\",\"@id\":\"https:\/\/grupolifandi.com.mx\/blog\/#website\",\"url\":\"https:\/\/grupolifandi.com.mx\/blog\/\",\"name\":\"Blog\",\"description\":\"Dedicado a ofrecer informaci\u00f3n \u00fatil sobre sistemas de alamacenamiento industrial\",\"publisher\":{\"@id\":\"https:\/\/grupolifandi.com.mx\/blog\/#organization\"},\"potentialAction\":[{\"@type\":\"SearchAction\",\"target\":{\"@type\":\"EntryPoint\",\"urlTemplate\":\"https:\/\/grupolifandi.com.mx\/blog\/?s={search_term_string}\"},\"query-input\":{\"@type\":\"PropertyValueSpecification\",\"valueRequired\":true,\"valueName\":\"search_term_string\"}}],\"inLanguage\":\"es-MX\"},{\"@type\":\"Organization\",\"@id\":\"https:\/\/grupolifandi.com.mx\/blog\/#organization\",\"name\":\"Grupo Lifandi\",\"url\":\"https:\/\/grupolifandi.com.mx\/blog\/\",\"logo\":{\"@type\":\"ImageObject\",\"inLanguage\":\"es-MX\",\"@id\":\"https:\/\/grupolifandi.com.mx\/blog\/#\/schema\/logo\/image\/\",\"url\":\"https:\/\/grupolifandi.com.mx\/blog\/wp-content\/uploads\/2023\/09\/logo-grupo-lifandi.png\",\"contentUrl\":\"https:\/\/grupolifandi.com.mx\/blog\/wp-content\/uploads\/2023\/09\/logo-grupo-lifandi.png\",\"width\":256,\"height\":256,\"caption\":\"Grupo Lifandi\"},\"image\":{\"@id\":\"https:\/\/grupolifandi.com.mx\/blog\/#\/schema\/logo\/image\/\"},\"sameAs\":[\"https:\/\/www.facebook.com\/GrupoLifandi\",\"https:\/\/x.com\/GrupoLifandi\",\"https:\/\/www.linkedin.com\/company\/grupo-lifandi\/\"]},{\"@type\":\"Person\",\"@id\":\"https:\/\/grupolifandi.com.mx\/blog\/#\/schema\/person\/060d4182d7707f3bab9dffe9c89cfe57\",\"name\":\"Conoce m\u00e1s sobre nosotros\",\"image\":{\"@type\":\"ImageObject\",\"inLanguage\":\"es-MX\",\"@id\":\"https:\/\/grupolifandi.com.mx\/blog\/#\/schema\/person\/image\/\",\"url\":\"https:\/\/secure.gravatar.com\/avatar\/ca9984f3626425f3c5c73e954c326396?s=96&d=mm&r=g\",\"contentUrl\":\"https:\/\/secure.gravatar.com\/avatar\/ca9984f3626425f3c5c73e954c326396?s=96&d=mm&r=g\",\"caption\":\"Conoce m\u00e1s sobre nosotros\"},\"sameAs\":[\"https:\/\/grupolifandi.com.mx\",\"https:\/\/www.facebook.com\/GrupoLifandi\",\"https:\/\/www.linkedin.com\/company\/grupo-lifandi\/\",\"https:\/\/x.com\/https:\/\/twitter.com\/GrupoLifandi\"],\"url\":\"https:\/\/grupolifandi.com.mx\/blog\/author\/grupolifandi\/\"}]}<\/script>\n<!-- \/ Yoast SEO Premium plugin. -->","yoast_head_json":{"title":"\u00bfQu\u00e9 es la log\u00edstica de Almac\u00e9n? | Blog","description":"Cuando hablamos de log\u00edstica de almac\u00e9n, nos referimos a c\u00f3mo se planifica, organiza y controla el movimiento de cosas.\u00a0","robots":{"index":"index","follow":"follow","max-snippet":"max-snippet:-1","max-image-preview":"max-image-preview:large","max-video-preview":"max-video-preview:-1"},"canonical":"https:\/\/grupolifandi.com.mx\/blog\/que-es-la-logistica-de-almacen\/","og_locale":"es_MX","og_type":"article","og_title":"\u00bfQu\u00e9 es la log\u00edstica de Almac\u00e9n?","og_description":"Cuando hablamos de log\u00edstica de almac\u00e9n, nos referimos a c\u00f3mo se planifica, organiza y controla el movimiento de cosas.\u00a0","og_url":"https:\/\/grupolifandi.com.mx\/blog\/que-es-la-logistica-de-almacen\/","og_site_name":"Blog","article_publisher":"https:\/\/www.facebook.com\/GrupoLifandi","article_author":"https:\/\/www.facebook.com\/GrupoLifandi","article_published_time":"2023-12-13T18:31:05+00:00","article_modified_time":"2023-12-20T19:35:58+00:00","og_image":[{"width":696,"height":522,"url":"https:\/\/grupolifandi.com.mx\/blog\/wp-content\/uploads\/2023\/12\/logistica-almacen.png","type":"image\/png"}],"author":"Conoce m\u00e1s sobre nosotros","twitter_card":"summary_large_image","twitter_creator":"@https:\/\/twitter.com\/GrupoLifandi","twitter_site":"@GrupoLifandi","twitter_misc":{"Escrito por":"Conoce m\u00e1s sobre nosotros","Tiempo de lectura":"3 minutos"},"schema":{"@context":"https:\/\/schema.org","@graph":[{"@type":"Article","@id":"https:\/\/grupolifandi.com.mx\/blog\/que-es-la-logistica-de-almacen\/#article","isPartOf":{"@id":"https:\/\/grupolifandi.com.mx\/blog\/que-es-la-logistica-de-almacen\/"},"author":{"name":"Conoce m\u00e1s sobre nosotros","@id":"https:\/\/grupolifandi.com.mx\/blog\/#\/schema\/person\/060d4182d7707f3bab9dffe9c89cfe57"},"headline":"\u00bfQu\u00e9 es la log\u00edstica de Almac\u00e9n?","datePublished":"2023-12-13T18:31:05+00:00","dateModified":"2023-12-20T19:35:58+00:00","mainEntityOfPage":{"@id":"https:\/\/grupolifandi.com.mx\/blog\/que-es-la-logistica-de-almacen\/"},"wordCount":465,"commentCount":0,"publisher":{"@id":"https:\/\/grupolifandi.com.mx\/blog\/#organization"},"image":{"@id":"https:\/\/grupolifandi.com.mx\/blog\/que-es-la-logistica-de-almacen\/#primaryimage"},"thumbnailUrl":"https:\/\/grupolifandi.com.mx\/blog\/wp-content\/uploads\/2023\/12\/logistica-almacen.png","articleSection":["Log\u00edstica de Almac\u00e9n"],"inLanguage":"es-MX","potentialAction":[{"@type":"CommentAction","name":"Comment","target":["https:\/\/grupolifandi.com.mx\/blog\/que-es-la-logistica-de-almacen\/#respond"]}]},{"@type":"WebPage","@id":"https:\/\/grupolifandi.com.mx\/blog\/que-es-la-logistica-de-almacen\/","url":"https:\/\/grupolifandi.com.mx\/blog\/que-es-la-logistica-de-almacen\/","name":"\u00bfQu\u00e9 es la log\u00edstica de Almac\u00e9n? | Blog","isPartOf":{"@id":"https:\/\/grupolifandi.com.mx\/blog\/#website"},"primaryImageOfPage":{"@id":"https:\/\/grupolifandi.com.mx\/blog\/que-es-la-logistica-de-almacen\/#primaryimage"},"image":{"@id":"https:\/\/grupolifandi.com.mx\/blog\/que-es-la-logistica-de-almacen\/#primaryimage"},"thumbnailUrl":"https:\/\/grupolifandi.com.mx\/blog\/wp-content\/uploads\/2023\/12\/logistica-almacen.png","datePublished":"2023-12-13T18:31:05+00:00","dateModified":"2023-12-20T19:35:58+00:00","description":"Cuando hablamos de log\u00edstica de almac\u00e9n, nos referimos a c\u00f3mo se planifica, organiza y controla el movimiento de cosas.\u00a0","breadcrumb":{"@id":"https:\/\/grupolifandi.com.mx\/blog\/que-es-la-logistica-de-almacen\/#breadcrumb"},"inLanguage":"es-MX","potentialAction":[{"@type":"ReadAction","target":["https:\/\/grupolifandi.com.mx\/blog\/que-es-la-logistica-de-almacen\/"]}]},{"@type":"ImageObject","inLanguage":"es-MX","@id":"https:\/\/grupolifandi.com.mx\/blog\/que-es-la-logistica-de-almacen\/#primaryimage","url":"https:\/\/grupolifandi.com.mx\/blog\/wp-content\/uploads\/2023\/12\/logistica-almacen.png","contentUrl":"https:\/\/grupolifandi.com.mx\/blog\/wp-content\/uploads\/2023\/12\/logistica-almacen.png","width":696,"height":522,"caption":"log\u00edstica de almac\u00e9n"},{"@type":"BreadcrumbList","@id":"https:\/\/grupolifandi.com.mx\/blog\/que-es-la-logistica-de-almacen\/#breadcrumb","itemListElement":[{"@type":"ListItem","position":1,"name":"Inicio","item":"https:\/\/grupolifandi.com.mx\/blog\/"},{"@type":"ListItem","position":2,"name":"\u00bfQu\u00e9 es la log\u00edstica de Almac\u00e9n?"}]},{"@type":"WebSite","@id":"https:\/\/grupolifandi.com.mx\/blog\/#website","url":"https:\/\/grupolifandi.com.mx\/blog\/","name":"Blog","description":"Dedicado a ofrecer informaci\u00f3n \u00fatil sobre sistemas de alamacenamiento industrial","publisher":{"@id":"https:\/\/grupolifandi.com.mx\/blog\/#organization"},"potentialAction":[{"@type":"SearchAction","target":{"@type":"EntryPoint","urlTemplate":"https:\/\/grupolifandi.com.mx\/blog\/?s={search_term_string}"},"query-input":{"@type":"PropertyValueSpecification","valueRequired":true,"valueName":"search_term_string"}}],"inLanguage":"es-MX"},{"@type":"Organization","@id":"https:\/\/grupolifandi.com.mx\/blog\/#organization","name":"Grupo Lifandi","url":"https:\/\/grupolifandi.com.mx\/blog\/","logo":{"@type":"ImageObject","inLanguage":"es-MX","@id":"https:\/\/grupolifandi.com.mx\/blog\/#\/schema\/logo\/image\/","url":"https:\/\/grupolifandi.com.mx\/blog\/wp-content\/uploads\/2023\/09\/logo-grupo-lifandi.png","contentUrl":"https:\/\/grupolifandi.com.mx\/blog\/wp-content\/uploads\/2023\/09\/logo-grupo-lifandi.png","width":256,"height":256,"caption":"Grupo Lifandi"},"image":{"@id":"https:\/\/grupolifandi.com.mx\/blog\/#\/schema\/logo\/image\/"},"sameAs":["https:\/\/www.facebook.com\/GrupoLifandi","https:\/\/x.com\/GrupoLifandi","https:\/\/www.linkedin.com\/company\/grupo-lifandi\/"]},{"@type":"Person","@id":"https:\/\/grupolifandi.com.mx\/blog\/#\/schema\/person\/060d4182d7707f3bab9dffe9c89cfe57","name":"Conoce m\u00e1s sobre nosotros","image":{"@type":"ImageObject","inLanguage":"es-MX","@id":"https:\/\/grupolifandi.com.mx\/blog\/#\/schema\/person\/image\/","url":"https:\/\/secure.gravatar.com\/avatar\/ca9984f3626425f3c5c73e954c326396?s=96&d=mm&r=g","contentUrl":"https:\/\/secure.gravatar.com\/avatar\/ca9984f3626425f3c5c73e954c326396?s=96&d=mm&r=g","caption":"Conoce m\u00e1s sobre nosotros"},"sameAs":["https:\/\/grupolifandi.com.mx","https:\/\/www.facebook.com\/GrupoLifandi","https:\/\/www.linkedin.com\/company\/grupo-lifandi\/","https:\/\/x.com\/https:\/\/twitter.com\/GrupoLifandi"],"url":"https:\/\/grupolifandi.com.mx\/blog\/author\/grupolifandi\/"}]}},"_links":{"self":[{"href":"https:\/\/grupolifandi.com.mx\/blog\/wp-json\/wp\/v2\/posts\/2497"}],"collection":[{"href":"https:\/\/grupolifandi.com.mx\/blog\/wp-json\/wp\/v2\/posts"}],"about":[{"href":"https:\/\/grupolifandi.com.mx\/blog\/wp-json\/wp\/v2\/types\/post"}],"author":[{"embeddable":true,"href":"https:\/\/grupolifandi.com.mx\/blog\/wp-json\/wp\/v2\/users\/1"}],"replies":[{"embeddable":true,"href":"https:\/\/grupolifandi.com.mx\/blog\/wp-json\/wp\/v2\/comments?post=2497"}],"version-history":[{"count":3,"href":"https:\/\/grupolifandi.com.mx\/blog\/wp-json\/wp\/v2\/posts\/2497\/revisions"}],"predecessor-version":[{"id":2889,"href":"https:\/\/grupolifandi.com.mx\/blog\/wp-json\/wp\/v2\/posts\/2497\/revisions\/2889"}],"wp:featuredmedia":[{"embeddable":true,"href":"https:\/\/grupolifandi.com.mx\/blog\/wp-json\/wp\/v2\/media\/2513"}],"wp:attachment":[{"href":"https:\/\/grupolifandi.com.mx\/blog\/wp-json\/wp\/v2\/media?parent=2497"}],"wp:term":[{"taxonomy":"category","embeddable":true,"href":"https:\/\/grupolifandi.com.mx\/blog\/wp-json\/wp\/v2\/categories?post=2497"},{"taxonomy":"post_tag","embeddable":true,"href":"https:\/\/grupolifandi.com.mx\/blog\/wp-json\/wp\/v2\/tags?post=2497"}],"curies":[{"name":"wp","href":"https:\/\/api.w.org\/{rel}","templated":true}]}}