{"id":2440,"date":"2023-12-12T18:38:52","date_gmt":"2023-12-12T18:38:52","guid":{"rendered":"https:\/\/grupolifandi.com.mx\/blog\/?p=2440"},"modified":"2023-12-12T18:38:57","modified_gmt":"2023-12-12T18:38:57","slug":"almacen-regional-ejemplo-y-caracteristicas","status":"publish","type":"post","link":"https:\/\/grupolifandi.com.mx\/blog\/almacen-regional-ejemplo-y-caracteristicas\/","title":{"rendered":"Almac\u00e9n regional: Ejemplo y caracter\u00edsticas"},"content":{"rendered":"\n<p>Desde la perspectiva de la log\u00edstica y la gesti\u00f3n de almacenes, el t\u00e9rmino almac\u00e9n regional se erige como una pieza clave en el rompecabezas que es el flujo eficiente de mercanc\u00edas. \u00bfPero qu\u00e9 significa realmente? En el siguiente art\u00edculo veremos que es un almac\u00e9n regional, sus caracter\u00edsticas y un ejemplo pr\u00e1ctico.<\/p>\n\n\n\n<h3 class=\"wp-block-heading\" id=\"h-caracteristicas-de-un-almacen-regional\">Caracter\u00edsticas de un almac\u00e9n regional\u00a0<\/h3>\n\n\n\n<p>Imaginemos por un momento un centro neur\u00e1lgico estrat\u00e9gicamente ubicado que funge como punto de consolidaci\u00f3n y distribuci\u00f3n de productos. Ah\u00ed es donde entra en escena el almac\u00e9n regional. Este tipo de instalaci\u00f3n log\u00edstica juega un papel crucial en la <a href=\"https:\/\/grupolifandi.com.mx\/blog\/que-es-una-cadena-de-suministro-y-un-ejemplo\/\">cadena de suministro<\/a>, facilitando la entrega r\u00e1pida y eficiente de productos a una regi\u00f3n espec\u00edfica. Entre las caracter\u00edsticas b\u00e1sicas de este tipo de almacenamiento tenemos:\u00a0<\/p>\n\n\n\n<ul>\n<li><strong>Proximidad estrat\u00e9gica.<\/strong>\u00a0 Un almac\u00e9n regional se caracterizan por su ubicaci\u00f3n estrat\u00e9gica en relaci\u00f3n con los mercados y las \u00e1reas de consumo.\u00a0<\/li>\n\n\n\n<li><strong>Gesti\u00f3n de inventarios espec\u00edfica.<\/strong> Los sistemas de almacenamiento regional se enfocan en gestionar inventarios adaptados a las necesidades de una regi\u00f3n.\u00a0<\/li>\n\n\n\n<li><strong>Optimizaci\u00f3n de rutas y transportes<\/strong>.\u00a0 La eficiencia en la distribuci\u00f3n es clave en los almacenes regionales.<\/li>\n<\/ul>\n\n\n\n<h3 class=\"wp-block-heading\" id=\"h-almacenes-regionales-ejemplo\">Almacenes regionales ejemplo\u00a0<\/h3>\n\n\n\n<p>Para entender mejor c\u00f3mo operan estos centros, consideremos algunos ejemplos concretos. <strong>Grandes empresas de comercio electr\u00f3nico, como Amazon o Mercado Libre, suelen establecer un almac\u00e9n regional para agilizar la entrega a sus clientes en \u00e1reas geogr\u00e1ficas espec\u00edficas. <\/strong>Este enfoque <strong>reduce los tiempos de tr\u00e1nsito y minimiza los costos log\u00edsticos<\/strong>, optimizando as\u00ed la experiencia del cliente.<\/p>\n\n\n\n<p>Los almacenes regionales destacan por su enfoque en atender las demandas de un \u00e1rea geogr\u00e1fica espec\u00edfica. Este enfoque estrat\u00e9gico permite una gesti\u00f3n de inventario m\u00e1s eficiente y una respuesta m\u00e1s r\u00e1pida a las fluctuaciones en la demanda local.<\/p>\n\n\n\n<h3 class=\"wp-block-heading\" id=\"h-como-se-diferencian-de-otros-tipos-de-almacenes\">\u00bfC\u00f3mo se Diferencian de Otros Tipos de Almacenes?<\/h3>\n\n\n\n<p>Los almacenes regionales se distinguen por su <strong>enfoque geogr\u00e1fico<\/strong>, a diferencia de los <strong>almacenes centrale<\/strong>s que abastecen a \u00e1reas m\u00e1s extensas. Esta diferenciaci\u00f3n permite una mayor adaptabilidad a las necesidades espec\u00edficas de una regi\u00f3n, desde condiciones clim\u00e1ticas hasta preferencias de los consumidores locales.<\/p>\n\n\n\n<h2 class=\"wp-block-heading\" id=\"h-beneficios-de-un-almacen-regional\">Beneficios\u00a0de un almac\u00e9n regional. <\/h2>\n\n\n\n<p>La implementaci\u00f3n de almacenes regionales ofrece beneficios, como:&nbsp;<\/p>\n\n\n\n<ul>\n<li>Reducci\u00f3n de costos de transporte<\/li>\n\n\n\n<li>Tiempos de entrega m\u00e1s r\u00e1pidos&nbsp;<\/li>\n\n\n\n<li>Gesti\u00f3n de inventario m\u00e1s eficiente.&nbsp;<\/li>\n\n\n\n<li>Estos factores se traducen directamente en una mejora de la satisfacci\u00f3n del cliente y en una ventaja competitiva en el mercado.<\/li>\n<\/ul>\n\n\n\n<p>En resumen, un almac\u00e9n regional representa una pieza fundamental en el engranaje de la log\u00edstica de almac\u00e9n. Desde facilitar entregas r\u00e1pidas hasta optimizar la <a href=\"https:\/\/grupolifandi.com.mx\/blog\/como-realizar-la-gestion-de-almacenes\/\">gesti\u00f3n de inventario<\/a>, su importancia en la cadena de suministro es innegable.\u00a0<\/p>\n\n\n\n<h3 class=\"wp-block-heading\" id=\"h-necesitas-equipar-tu-almacen-regional\">\u00bfNecesitas equipar tu almac\u00e9n regional?\u00a0<\/h3>\n\n\n\n<p>Equipa tu almac\u00e9n con una soluci\u00f3n a la medida de tus necesidades regionales. Conoce <a href=\"https:\/\/grupolifandi.com.mx\/proyectos-de-racks-industriales\">nuestros proyectos <\/a>en <a href=\"https:\/\/grupolifandi.com.mx\/\">sistemas de almacenamiento industrial<\/a>, te ayudamos a crear una soluci\u00f3n a la medida de tus necesidades.\u00a0<\/p>\n\n\n\n<div class=\"wp-block-buttons is-content-justification-center is-layout-flex wp-container-core-buttons-layout-1 wp-block-buttons-is-layout-flex\">\n<div class=\"wp-block-button\"><a class=\"wp-block-button__link wp-element-button\" href=\"https:\/\/grupolifandi.com.mx\/contacto\">Cont\u00e1ctanos<\/a><\/div>\n<\/div>\n\n\n\n<div style=\"height:37px\" aria-hidden=\"true\" class=\"wp-block-spacer\"><\/div>\n\n\n\n<figure class=\"wp-block-image size-large\"><img loading=\"lazy\" decoding=\"async\" width=\"1024\" height=\"256\" src=\"https:\/\/grupolifandi.com.mx\/blog\/wp-content\/uploads\/2023\/10\/banner-guia-de-racks-lifandi-1024x256.png\" alt=\"gu\u00eda para elegir racks de almac\u00e9n\" class=\"wp-image-915\" srcset=\"https:\/\/grupolifandi.com.mx\/blog\/wp-content\/uploads\/2023\/10\/banner-guia-de-racks-lifandi-1024x256.png 1024w, https:\/\/grupolifandi.com.mx\/blog\/wp-content\/uploads\/2023\/10\/banner-guia-de-racks-lifandi-300x75.png 300w, https:\/\/grupolifandi.com.mx\/blog\/wp-content\/uploads\/2023\/10\/banner-guia-de-racks-lifandi-768x192.png 768w, https:\/\/grupolifandi.com.mx\/blog\/wp-content\/uploads\/2023\/10\/banner-guia-de-racks-lifandi-1536x384.png 1536w, https:\/\/grupolifandi.com.mx\/blog\/wp-content\/uploads\/2023\/10\/banner-guia-de-racks-lifandi-150x38.png 150w, https:\/\/grupolifandi.com.mx\/blog\/wp-content\/uploads\/2023\/10\/banner-guia-de-racks-lifandi-696x174.png 696w, https:\/\/grupolifandi.com.mx\/blog\/wp-content\/uploads\/2023\/10\/banner-guia-de-racks-lifandi-1068x267.png 1068w, https:\/\/grupolifandi.com.mx\/blog\/wp-content\/uploads\/2023\/10\/banner-guia-de-racks-lifandi.png 1584w\" sizes=\"(max-width: 1024px) 100vw, 1024px\" \/><figcaption class=\"wp-element-caption\">gu\u00eda para elegir racks de almac\u00e9n<\/figcaption><\/figure>\n","protected":false},"excerpt":{"rendered":"<p>Desde la perspectiva de la log\u00edstica y la gesti\u00f3n de almacenes, el t\u00e9rmino almac\u00e9n regional se erige como una pieza clave en el rompecabezas que es el flujo eficiente de mercanc\u00edas. \u00bfPero qu\u00e9 significa realmente? En el siguiente art\u00edculo veremos que es un almac\u00e9n regional, sus caracter\u00edsticas y un ejemplo pr\u00e1ctico. Caracter\u00edsticas de un almac\u00e9n [&hellip;]<\/p>\n","protected":false},"author":1,"featured_media":2454,"comment_status":"open","ping_status":"open","sticky":false,"template":"","format":"standard","meta":{"om_disable_all_campaigns":false,"_monsterinsights_skip_tracking":false,"_monsterinsights_sitenote_active":false,"_monsterinsights_sitenote_note":"","_monsterinsights_sitenote_category":0,"_uf_show_specific_survey":0,"_uf_disable_surveys":false,"footnotes":""},"categories":[1],"tags":[],"yoast_head":"<!-- This site is optimized with the Yoast SEO Premium plugin v23.0 (Yoast SEO v23.5) - https:\/\/yoast.com\/wordpress\/plugins\/seo\/ -->\n<title>Almac\u00e9n regional: Ejemplo y caracter\u00edsticas | Blog<\/title>\n<meta name=\"description\" content=\"Un almac\u00e9n regional es crucial para la cadena de suministro, facilitando la entrega r\u00e1pida y eficiente de productos a una regi\u00f3n espec\u00edfica.\" \/>\n<meta name=\"robots\" content=\"index, follow, max-snippet:-1, max-image-preview:large, max-video-preview:-1\" \/>\n<link rel=\"canonical\" href=\"https:\/\/grupolifandi.com.mx\/blog\/almacen-regional-ejemplo-y-caracteristicas\/\" \/>\n<meta property=\"og:locale\" content=\"es_MX\" \/>\n<meta property=\"og:type\" content=\"article\" \/>\n<meta property=\"og:title\" content=\"Almac\u00e9n regional: Ejemplo y caracter\u00edsticas\" \/>\n<meta property=\"og:description\" content=\"Un almac\u00e9n regional es crucial para la cadena de suministro, facilitando la entrega r\u00e1pida y eficiente de productos a una regi\u00f3n espec\u00edfica.\" \/>\n<meta property=\"og:url\" content=\"https:\/\/grupolifandi.com.mx\/blog\/almacen-regional-ejemplo-y-caracteristicas\/\" \/>\n<meta property=\"og:site_name\" content=\"Blog\" \/>\n<meta property=\"article:publisher\" content=\"https:\/\/www.facebook.com\/GrupoLifandi\" \/>\n<meta property=\"article:author\" content=\"https:\/\/www.facebook.com\/GrupoLifandi\" \/>\n<meta property=\"article:published_time\" content=\"2023-12-12T18:38:52+00:00\" \/>\n<meta property=\"article:modified_time\" content=\"2023-12-12T18:38:57+00:00\" \/>\n<meta property=\"og:image\" content=\"https:\/\/grupolifandi.com.mx\/blog\/wp-content\/uploads\/2023\/12\/almacen-regional.png\" \/>\n\t<meta property=\"og:image:width\" content=\"696\" \/>\n\t<meta property=\"og:image:height\" content=\"522\" \/>\n\t<meta property=\"og:image:type\" content=\"image\/png\" \/>\n<meta name=\"author\" content=\"Conoce m\u00e1s sobre nosotros\" \/>\n<meta name=\"twitter:card\" content=\"summary_large_image\" \/>\n<meta name=\"twitter:creator\" content=\"@https:\/\/twitter.com\/GrupoLifandi\" \/>\n<meta name=\"twitter:site\" content=\"@GrupoLifandi\" \/>\n<meta name=\"twitter:label1\" content=\"Escrito por\" \/>\n\t<meta name=\"twitter:data1\" content=\"Conoce m\u00e1s sobre nosotros\" \/>\n\t<meta name=\"twitter:label2\" content=\"Tiempo de lectura\" \/>\n\t<meta name=\"twitter:data2\" content=\"3 minutos\" \/>\n<script type=\"application\/ld+json\" class=\"yoast-schema-graph\">{\"@context\":\"https:\/\/schema.org\",\"@graph\":[{\"@type\":\"Article\",\"@id\":\"https:\/\/grupolifandi.com.mx\/blog\/almacen-regional-ejemplo-y-caracteristicas\/#article\",\"isPartOf\":{\"@id\":\"https:\/\/grupolifandi.com.mx\/blog\/almacen-regional-ejemplo-y-caracteristicas\/\"},\"author\":{\"name\":\"Conoce m\u00e1s sobre nosotros\",\"@id\":\"https:\/\/grupolifandi.com.mx\/blog\/#\/schema\/person\/060d4182d7707f3bab9dffe9c89cfe57\"},\"headline\":\"Almac\u00e9n regional: Ejemplo y caracter\u00edsticas\",\"datePublished\":\"2023-12-12T18:38:52+00:00\",\"dateModified\":\"2023-12-12T18:38:57+00:00\",\"mainEntityOfPage\":{\"@id\":\"https:\/\/grupolifandi.com.mx\/blog\/almacen-regional-ejemplo-y-caracteristicas\/\"},\"wordCount\":539,\"commentCount\":0,\"publisher\":{\"@id\":\"https:\/\/grupolifandi.com.mx\/blog\/#organization\"},\"image\":{\"@id\":\"https:\/\/grupolifandi.com.mx\/blog\/almacen-regional-ejemplo-y-caracteristicas\/#primaryimage\"},\"thumbnailUrl\":\"https:\/\/grupolifandi.com.mx\/blog\/wp-content\/uploads\/2023\/12\/almacen-regional.png\",\"articleSection\":[\"Almacenes automatizados\"],\"inLanguage\":\"es-MX\",\"potentialAction\":[{\"@type\":\"CommentAction\",\"name\":\"Comment\",\"target\":[\"https:\/\/grupolifandi.com.mx\/blog\/almacen-regional-ejemplo-y-caracteristicas\/#respond\"]}]},{\"@type\":\"WebPage\",\"@id\":\"https:\/\/grupolifandi.com.mx\/blog\/almacen-regional-ejemplo-y-caracteristicas\/\",\"url\":\"https:\/\/grupolifandi.com.mx\/blog\/almacen-regional-ejemplo-y-caracteristicas\/\",\"name\":\"Almac\u00e9n regional: Ejemplo y caracter\u00edsticas | Blog\",\"isPartOf\":{\"@id\":\"https:\/\/grupolifandi.com.mx\/blog\/#website\"},\"primaryImageOfPage\":{\"@id\":\"https:\/\/grupolifandi.com.mx\/blog\/almacen-regional-ejemplo-y-caracteristicas\/#primaryimage\"},\"image\":{\"@id\":\"https:\/\/grupolifandi.com.mx\/blog\/almacen-regional-ejemplo-y-caracteristicas\/#primaryimage\"},\"thumbnailUrl\":\"https:\/\/grupolifandi.com.mx\/blog\/wp-content\/uploads\/2023\/12\/almacen-regional.png\",\"datePublished\":\"2023-12-12T18:38:52+00:00\",\"dateModified\":\"2023-12-12T18:38:57+00:00\",\"description\":\"Un almac\u00e9n regional es crucial para la cadena de suministro, facilitando la entrega r\u00e1pida y eficiente de productos a una regi\u00f3n espec\u00edfica.\",\"breadcrumb\":{\"@id\":\"https:\/\/grupolifandi.com.mx\/blog\/almacen-regional-ejemplo-y-caracteristicas\/#breadcrumb\"},\"inLanguage\":\"es-MX\",\"potentialAction\":[{\"@type\":\"ReadAction\",\"target\":[\"https:\/\/grupolifandi.com.mx\/blog\/almacen-regional-ejemplo-y-caracteristicas\/\"]}]},{\"@type\":\"ImageObject\",\"inLanguage\":\"es-MX\",\"@id\":\"https:\/\/grupolifandi.com.mx\/blog\/almacen-regional-ejemplo-y-caracteristicas\/#primaryimage\",\"url\":\"https:\/\/grupolifandi.com.mx\/blog\/wp-content\/uploads\/2023\/12\/almacen-regional.png\",\"contentUrl\":\"https:\/\/grupolifandi.com.mx\/blog\/wp-content\/uploads\/2023\/12\/almacen-regional.png\",\"width\":696,\"height\":522,\"caption\":\"almacen regional\"},{\"@type\":\"BreadcrumbList\",\"@id\":\"https:\/\/grupolifandi.com.mx\/blog\/almacen-regional-ejemplo-y-caracteristicas\/#breadcrumb\",\"itemListElement\":[{\"@type\":\"ListItem\",\"position\":1,\"name\":\"Inicio\",\"item\":\"https:\/\/grupolifandi.com.mx\/blog\/\"},{\"@type\":\"ListItem\",\"position\":2,\"name\":\"Almac\u00e9n regional: Ejemplo y caracter\u00edsticas\"}]},{\"@type\":\"WebSite\",\"@id\":\"https:\/\/grupolifandi.com.mx\/blog\/#website\",\"url\":\"https:\/\/grupolifandi.com.mx\/blog\/\",\"name\":\"Blog\",\"description\":\"Dedicado a ofrecer informaci\u00f3n \u00fatil sobre sistemas de alamacenamiento industrial\",\"publisher\":{\"@id\":\"https:\/\/grupolifandi.com.mx\/blog\/#organization\"},\"potentialAction\":[{\"@type\":\"SearchAction\",\"target\":{\"@type\":\"EntryPoint\",\"urlTemplate\":\"https:\/\/grupolifandi.com.mx\/blog\/?s={search_term_string}\"},\"query-input\":{\"@type\":\"PropertyValueSpecification\",\"valueRequired\":true,\"valueName\":\"search_term_string\"}}],\"inLanguage\":\"es-MX\"},{\"@type\":\"Organization\",\"@id\":\"https:\/\/grupolifandi.com.mx\/blog\/#organization\",\"name\":\"Grupo Lifandi\",\"url\":\"https:\/\/grupolifandi.com.mx\/blog\/\",\"logo\":{\"@type\":\"ImageObject\",\"inLanguage\":\"es-MX\",\"@id\":\"https:\/\/grupolifandi.com.mx\/blog\/#\/schema\/logo\/image\/\",\"url\":\"https:\/\/grupolifandi.com.mx\/blog\/wp-content\/uploads\/2023\/09\/logo-grupo-lifandi.png\",\"contentUrl\":\"https:\/\/grupolifandi.com.mx\/blog\/wp-content\/uploads\/2023\/09\/logo-grupo-lifandi.png\",\"width\":256,\"height\":256,\"caption\":\"Grupo Lifandi\"},\"image\":{\"@id\":\"https:\/\/grupolifandi.com.mx\/blog\/#\/schema\/logo\/image\/\"},\"sameAs\":[\"https:\/\/www.facebook.com\/GrupoLifandi\",\"https:\/\/x.com\/GrupoLifandi\",\"https:\/\/www.linkedin.com\/company\/grupo-lifandi\/\"]},{\"@type\":\"Person\",\"@id\":\"https:\/\/grupolifandi.com.mx\/blog\/#\/schema\/person\/060d4182d7707f3bab9dffe9c89cfe57\",\"name\":\"Conoce m\u00e1s sobre nosotros\",\"image\":{\"@type\":\"ImageObject\",\"inLanguage\":\"es-MX\",\"@id\":\"https:\/\/grupolifandi.com.mx\/blog\/#\/schema\/person\/image\/\",\"url\":\"https:\/\/secure.gravatar.com\/avatar\/ca9984f3626425f3c5c73e954c326396?s=96&d=mm&r=g\",\"contentUrl\":\"https:\/\/secure.gravatar.com\/avatar\/ca9984f3626425f3c5c73e954c326396?s=96&d=mm&r=g\",\"caption\":\"Conoce m\u00e1s sobre nosotros\"},\"sameAs\":[\"https:\/\/grupolifandi.com.mx\",\"https:\/\/www.facebook.com\/GrupoLifandi\",\"https:\/\/www.linkedin.com\/company\/grupo-lifandi\/\",\"https:\/\/x.com\/https:\/\/twitter.com\/GrupoLifandi\"],\"url\":\"https:\/\/grupolifandi.com.mx\/blog\/author\/grupolifandi\/\"}]}<\/script>\n<!-- \/ Yoast SEO Premium plugin. -->","yoast_head_json":{"title":"Almac\u00e9n regional: Ejemplo y caracter\u00edsticas | Blog","description":"Un almac\u00e9n regional es crucial para la cadena de suministro, facilitando la entrega r\u00e1pida y eficiente de productos a una regi\u00f3n espec\u00edfica.","robots":{"index":"index","follow":"follow","max-snippet":"max-snippet:-1","max-image-preview":"max-image-preview:large","max-video-preview":"max-video-preview:-1"},"canonical":"https:\/\/grupolifandi.com.mx\/blog\/almacen-regional-ejemplo-y-caracteristicas\/","og_locale":"es_MX","og_type":"article","og_title":"Almac\u00e9n regional: Ejemplo y caracter\u00edsticas","og_description":"Un almac\u00e9n regional es crucial para la cadena de suministro, facilitando la entrega r\u00e1pida y eficiente de productos a una regi\u00f3n espec\u00edfica.","og_url":"https:\/\/grupolifandi.com.mx\/blog\/almacen-regional-ejemplo-y-caracteristicas\/","og_site_name":"Blog","article_publisher":"https:\/\/www.facebook.com\/GrupoLifandi","article_author":"https:\/\/www.facebook.com\/GrupoLifandi","article_published_time":"2023-12-12T18:38:52+00:00","article_modified_time":"2023-12-12T18:38:57+00:00","og_image":[{"width":696,"height":522,"url":"https:\/\/grupolifandi.com.mx\/blog\/wp-content\/uploads\/2023\/12\/almacen-regional.png","type":"image\/png"}],"author":"Conoce m\u00e1s sobre nosotros","twitter_card":"summary_large_image","twitter_creator":"@https:\/\/twitter.com\/GrupoLifandi","twitter_site":"@GrupoLifandi","twitter_misc":{"Escrito por":"Conoce m\u00e1s sobre nosotros","Tiempo de lectura":"3 minutos"},"schema":{"@context":"https:\/\/schema.org","@graph":[{"@type":"Article","@id":"https:\/\/grupolifandi.com.mx\/blog\/almacen-regional-ejemplo-y-caracteristicas\/#article","isPartOf":{"@id":"https:\/\/grupolifandi.com.mx\/blog\/almacen-regional-ejemplo-y-caracteristicas\/"},"author":{"name":"Conoce m\u00e1s sobre nosotros","@id":"https:\/\/grupolifandi.com.mx\/blog\/#\/schema\/person\/060d4182d7707f3bab9dffe9c89cfe57"},"headline":"Almac\u00e9n regional: Ejemplo y caracter\u00edsticas","datePublished":"2023-12-12T18:38:52+00:00","dateModified":"2023-12-12T18:38:57+00:00","mainEntityOfPage":{"@id":"https:\/\/grupolifandi.com.mx\/blog\/almacen-regional-ejemplo-y-caracteristicas\/"},"wordCount":539,"commentCount":0,"publisher":{"@id":"https:\/\/grupolifandi.com.mx\/blog\/#organization"},"image":{"@id":"https:\/\/grupolifandi.com.mx\/blog\/almacen-regional-ejemplo-y-caracteristicas\/#primaryimage"},"thumbnailUrl":"https:\/\/grupolifandi.com.mx\/blog\/wp-content\/uploads\/2023\/12\/almacen-regional.png","articleSection":["Almacenes automatizados"],"inLanguage":"es-MX","potentialAction":[{"@type":"CommentAction","name":"Comment","target":["https:\/\/grupolifandi.com.mx\/blog\/almacen-regional-ejemplo-y-caracteristicas\/#respond"]}]},{"@type":"WebPage","@id":"https:\/\/grupolifandi.com.mx\/blog\/almacen-regional-ejemplo-y-caracteristicas\/","url":"https:\/\/grupolifandi.com.mx\/blog\/almacen-regional-ejemplo-y-caracteristicas\/","name":"Almac\u00e9n regional: Ejemplo y caracter\u00edsticas | Blog","isPartOf":{"@id":"https:\/\/grupolifandi.com.mx\/blog\/#website"},"primaryImageOfPage":{"@id":"https:\/\/grupolifandi.com.mx\/blog\/almacen-regional-ejemplo-y-caracteristicas\/#primaryimage"},"image":{"@id":"https:\/\/grupolifandi.com.mx\/blog\/almacen-regional-ejemplo-y-caracteristicas\/#primaryimage"},"thumbnailUrl":"https:\/\/grupolifandi.com.mx\/blog\/wp-content\/uploads\/2023\/12\/almacen-regional.png","datePublished":"2023-12-12T18:38:52+00:00","dateModified":"2023-12-12T18:38:57+00:00","description":"Un almac\u00e9n regional es crucial para la cadena de suministro, facilitando la entrega r\u00e1pida y eficiente de productos a una regi\u00f3n espec\u00edfica.","breadcrumb":{"@id":"https:\/\/grupolifandi.com.mx\/blog\/almacen-regional-ejemplo-y-caracteristicas\/#breadcrumb"},"inLanguage":"es-MX","potentialAction":[{"@type":"ReadAction","target":["https:\/\/grupolifandi.com.mx\/blog\/almacen-regional-ejemplo-y-caracteristicas\/"]}]},{"@type":"ImageObject","inLanguage":"es-MX","@id":"https:\/\/grupolifandi.com.mx\/blog\/almacen-regional-ejemplo-y-caracteristicas\/#primaryimage","url":"https:\/\/grupolifandi.com.mx\/blog\/wp-content\/uploads\/2023\/12\/almacen-regional.png","contentUrl":"https:\/\/grupolifandi.com.mx\/blog\/wp-content\/uploads\/2023\/12\/almacen-regional.png","width":696,"height":522,"caption":"almacen regional"},{"@type":"BreadcrumbList","@id":"https:\/\/grupolifandi.com.mx\/blog\/almacen-regional-ejemplo-y-caracteristicas\/#breadcrumb","itemListElement":[{"@type":"ListItem","position":1,"name":"Inicio","item":"https:\/\/grupolifandi.com.mx\/blog\/"},{"@type":"ListItem","position":2,"name":"Almac\u00e9n regional: Ejemplo y caracter\u00edsticas"}]},{"@type":"WebSite","@id":"https:\/\/grupolifandi.com.mx\/blog\/#website","url":"https:\/\/grupolifandi.com.mx\/blog\/","name":"Blog","description":"Dedicado a ofrecer informaci\u00f3n \u00fatil sobre sistemas de alamacenamiento industrial","publisher":{"@id":"https:\/\/grupolifandi.com.mx\/blog\/#organization"},"potentialAction":[{"@type":"SearchAction","target":{"@type":"EntryPoint","urlTemplate":"https:\/\/grupolifandi.com.mx\/blog\/?s={search_term_string}"},"query-input":{"@type":"PropertyValueSpecification","valueRequired":true,"valueName":"search_term_string"}}],"inLanguage":"es-MX"},{"@type":"Organization","@id":"https:\/\/grupolifandi.com.mx\/blog\/#organization","name":"Grupo Lifandi","url":"https:\/\/grupolifandi.com.mx\/blog\/","logo":{"@type":"ImageObject","inLanguage":"es-MX","@id":"https:\/\/grupolifandi.com.mx\/blog\/#\/schema\/logo\/image\/","url":"https:\/\/grupolifandi.com.mx\/blog\/wp-content\/uploads\/2023\/09\/logo-grupo-lifandi.png","contentUrl":"https:\/\/grupolifandi.com.mx\/blog\/wp-content\/uploads\/2023\/09\/logo-grupo-lifandi.png","width":256,"height":256,"caption":"Grupo Lifandi"},"image":{"@id":"https:\/\/grupolifandi.com.mx\/blog\/#\/schema\/logo\/image\/"},"sameAs":["https:\/\/www.facebook.com\/GrupoLifandi","https:\/\/x.com\/GrupoLifandi","https:\/\/www.linkedin.com\/company\/grupo-lifandi\/"]},{"@type":"Person","@id":"https:\/\/grupolifandi.com.mx\/blog\/#\/schema\/person\/060d4182d7707f3bab9dffe9c89cfe57","name":"Conoce m\u00e1s sobre nosotros","image":{"@type":"ImageObject","inLanguage":"es-MX","@id":"https:\/\/grupolifandi.com.mx\/blog\/#\/schema\/person\/image\/","url":"https:\/\/secure.gravatar.com\/avatar\/ca9984f3626425f3c5c73e954c326396?s=96&d=mm&r=g","contentUrl":"https:\/\/secure.gravatar.com\/avatar\/ca9984f3626425f3c5c73e954c326396?s=96&d=mm&r=g","caption":"Conoce m\u00e1s sobre nosotros"},"sameAs":["https:\/\/grupolifandi.com.mx","https:\/\/www.facebook.com\/GrupoLifandi","https:\/\/www.linkedin.com\/company\/grupo-lifandi\/","https:\/\/x.com\/https:\/\/twitter.com\/GrupoLifandi"],"url":"https:\/\/grupolifandi.com.mx\/blog\/author\/grupolifandi\/"}]}},"_links":{"self":[{"href":"https:\/\/grupolifandi.com.mx\/blog\/wp-json\/wp\/v2\/posts\/2440"}],"collection":[{"href":"https:\/\/grupolifandi.com.mx\/blog\/wp-json\/wp\/v2\/posts"}],"about":[{"href":"https:\/\/grupolifandi.com.mx\/blog\/wp-json\/wp\/v2\/types\/post"}],"author":[{"embeddable":true,"href":"https:\/\/grupolifandi.com.mx\/blog\/wp-json\/wp\/v2\/users\/1"}],"replies":[{"embeddable":true,"href":"https:\/\/grupolifandi.com.mx\/blog\/wp-json\/wp\/v2\/comments?post=2440"}],"version-history":[{"count":0,"href":"https:\/\/grupolifandi.com.mx\/blog\/wp-json\/wp\/v2\/posts\/2440\/revisions"}],"wp:featuredmedia":[{"embeddable":true,"href":"https:\/\/grupolifandi.com.mx\/blog\/wp-json\/wp\/v2\/media\/2454"}],"wp:attachment":[{"href":"https:\/\/grupolifandi.com.mx\/blog\/wp-json\/wp\/v2\/media?parent=2440"}],"wp:term":[{"taxonomy":"category","embeddable":true,"href":"https:\/\/grupolifandi.com.mx\/blog\/wp-json\/wp\/v2\/categories?post=2440"},{"taxonomy":"post_tag","embeddable":true,"href":"https:\/\/grupolifandi.com.mx\/blog\/wp-json\/wp\/v2\/tags?post=2440"}],"curies":[{"name":"wp","href":"https:\/\/api.w.org\/{rel}","templated":true}]}}