{"id":2297,"date":"2023-12-07T15:34:32","date_gmt":"2023-12-07T15:34:32","guid":{"rendered":"https:\/\/grupolifandi.com.mx\/blog\/?p=2297"},"modified":"2023-12-11T15:14:30","modified_gmt":"2023-12-11T15:14:30","slug":"almacen-de-materia-prima-organizacion-y-caracteristicas","status":"publish","type":"post","link":"https:\/\/grupolifandi.com.mx\/blog\/almacen-de-materia-prima-organizacion-y-caracteristicas\/","title":{"rendered":"Almac\u00e9n de materia prima: organizaci\u00f3n y caracter\u00edsticas\u00a0"},"content":{"rendered":"\n<p>Un almac\u00e9n de materias primas, como su nombre lo dice, es un espacio dedicado a almacenar materiales que a\u00fan no han pasado por un proceso de transformaci\u00f3n. Este tipo de almacenamiento es primordial para el inicio de cualquier proceso productivo, es por esto que en el post de hoy hablamos sobre su organizaci\u00f3n y caracter\u00edsticas.\u00a0<\/p>\n\n\n\n<h2 class=\"wp-block-heading\" id=\"h-que-es-un-almacen-de-materia-prima-nbsp\">\u00bfQu\u00e9 es un almac\u00e9n de materia prima?&nbsp;<\/h2>\n\n\n\n<p>\u00a0Como mencionamos anteriormente, un almac\u00e9n de materia prima es un espacio dise\u00f1ado y optimizado para almacenar materiales no procesados y que son necesarios para iniciar un proceso productivo. Tal vez te preguntar\u00e1s que diferencias hay entre este tipo de almac\u00e9n y un almac\u00e9n de productos terminados. Su importancia radica en su papel dentro de la cadena de suministro, ya que hablamos de la parte inicial de la cadena.\u00a0<\/p>\n\n\n\n<p>Es decir, que sin materia prima no hay producto final. Adem\u00e1s, podemos afirmar que si existe un manejo deficiente de un almac\u00e9n primario, tambi\u00e9n tendremos resultados deficientes en el resultado de la producci\u00f3n. As\u00ed que el dise\u00f1o optimizado de este almac\u00e9n es de vital importancia para arrancar con el pie derecho cualquier proceso de producci\u00f3n o manufactura.<\/p>\n\n\n\n<h2 class=\"wp-block-heading\" id=\"h-cuales-son-las-principales-caracteristicas-de-un-almacen-de-materia-prima\">\u00bfCu\u00e1les son las principales caracter\u00edsticas de un almac\u00e9n de materia prima?<\/h2>\n\n\n\n<ol>\n<li><strong>Ubicaci\u00f3n estrat\u00e9gica.<\/strong> El almac\u00e9n debe estar ubicado de manera estrat\u00e9gica para facilitar el transporte de las materias primas desde los proveedores y hacia la l\u00ednea de producci\u00f3n. La accesibilidad a carreteras, puertos o ferrocarriles es un factor importante.<\/li>\n\n\n\n<li><strong>Espacio de almacenamiento adecuado.<\/strong> El almac\u00e9n debe contar con suficiente espacio para almacenar las materias primas de manera eficiente. Esto implica tener estanter\u00edas, racks y otros <a href=\"https:\/\/grupolifandi.com.mx\/blog\/tipos-de-racks-industriales-para-tu-almacen\/\" target=\"_blank\" rel=\"noreferrer noopener\">tipos de sistemas de almacenamiento <\/a>adecuados que permitan la f\u00e1cil identificaci\u00f3n y acceso a los materiales.<\/li>\n\n\n\n<li><strong>Seguridad.<\/strong> Se deben implementar <a href=\"https:\/\/grupolifandi.com.mx\/blog\/aprende-a-mejorar-la-seguridad-en-el-almacen-en-10-pasos\/\" target=\"_blank\" rel=\"noreferrer noopener\">medidas de seguridad<\/a> para proteger las materias primas contra robos, da\u00f1os o deterioro. Esto puede incluir sistemas de vigilancia, controles de acceso y protocolos de seguridad.<\/li>\n\n\n\n<li><strong>Control de temperatura y humedad.<\/strong> Algunas materias primas pueden ser sensibles a las condiciones ambientales. Por lo tanto, es importante contar con sistemas de control de temperatura y humedad para preservar la calidad de los materiales, como es el caso de los <a href=\"https:\/\/grupolifandi.com.mx\/blog\/que-es-un-almacen-frigorifico\/\" target=\"_blank\" rel=\"noreferrer noopener\">almacenes frigor\u00edficos<\/a>.&nbsp;<\/li>\n\n\n\n<li> Sistema de gesti\u00f3n de inventarios:Es esencial contar con un sistema eficiente de &nbsp; gesti\u00f3n de inventarios que permita llevar un seguimiento preciso de las existencias, realizar pedidos y evitar posibles p\u00e9rdidas por obsolescencia.<\/li>\n<\/ol>\n\n\n\n<h2 class=\"wp-block-heading\" id=\"h-como-organizar-un-almacen-de-materia-prima\">\u00bfC\u00f3mo organizar un almac\u00e9n de materia prima?<\/h2>\n\n\n\n<p>A continuaci\u00f3n compartiremos contigo la estructura b\u00e1sica para saber como organizar tu almac\u00e9n de materia prima de forma eficiente y optimizada.&nbsp;<\/p>\n\n\n\n<h3 class=\"wp-block-heading\" id=\"h-1-area-de-recepcion\"><strong>1. \u00c1rea de recepci\u00f3n<\/strong> <\/h3>\n\n\n\n<p>En primer lugar, es necesario establecer un \u00e1rea de recepci\u00f3n. El \u00e1rea de recepci\u00f3n debe estar integrada por una zona destinada a la<a href=\"https:\/\/grupolifandi.com.mx\/blog\/como-se-lleva-a-cabo-la-recepcion-de-mercancia\/\" target=\"_blank\" rel=\"noreferrer noopener\"> recepci\u00f3n de materias <\/a>primas, a la carga y descarga eficiente de camiones y&nbsp;&nbsp;<\/p>\n\n\n\n<h3 class=\"wp-block-heading\" id=\"h-2-zonas-de-almacenamiento\">2. <strong>Zonas de Almacenamiento<\/strong> <\/h3>\n\n\n\n<p>Posteriormente, tendremos la zona de almacenaje, la cual es necesario dividir por secciones y caracter\u00edsticas dependiendo de los materiales. Aqu\u00ed tienen un papel crucial los tipos de racks. En este punto interfieren diferentes factores como el tipo de materiales, <a href=\"https:\/\/grupolifandi.com.mx\/blog\/como-hacer-un-layout-de-almacen\/\" target=\"_blank\" rel=\"noreferrer noopener\">el dise\u00f1o o layout del almac\u00e9n<\/a> para elegir el tipo de estanter\u00edas a la medida.&nbsp;<\/p>\n\n\n\n<h3 class=\"wp-block-heading\" id=\"h-3-control-de-calidad\"><strong>3. Control de Calidad<\/strong><\/h3>\n\n\n\n<p><strong> <\/strong>Es importante llevar un control de calidad del material que se recibe y dele estado mismo del almac\u00e9n. Por ese motivo recomendamos llevar a cabo investigaciones peri\u00f3dicas para evaluar y medir la calidad tanto de las materias primas como de los procesos.&nbsp;<\/p>\n\n\n\n<h3 class=\"wp-block-heading\" id=\"h-4-area-de-embalaje-y-etiquetado\"><strong>4. \u00c1rea de Embalaje y Etiquetado<\/strong><\/h3>\n\n\n\n<p>Tambi\u00e9n es necesario destinar un espacio para la preparaci\u00f3n de las materias primas, ya sea para que sean usadas en el proceso productivo o para embalar seg\u00fan los requerimientos de la empresa.&nbsp;<\/p>\n\n\n\n<h3 class=\"wp-block-heading\" id=\"h-5-sistema-de-gestion-de-inventario\"><strong>5. Sistema de Gesti\u00f3n de Inventario<\/strong><\/h3>\n\n\n\n<p>El uso de un <a href=\"https:\/\/sistemaenkel.com.mx\/software-de-control-de-inventarios\" target=\"_blank\" rel=\"noreferrer noopener\">sistema de inventarios <\/a>es crucial para controlar el seguimiento en tiempo real de existencias. adem\u00e1s de que te permitir\u00e1 integrar otros procesos como compras, pedidos y facturas en un solo lugar.&nbsp;<\/p>\n\n\n\n<h3 class=\"wp-block-heading\" id=\"h-6-seguridad\"><strong>6. Seguridad<\/strong><\/h3>\n\n\n\n<p>Evita perdidas o robos hormigas, tambi\u00e9n es un aspecto importante que cuidar a la hora de gestionar un almac\u00e9n. El empleo de un sistema de c\u00e1maras y el control de entradas y salidas puede ayudar a <a href=\"https:\/\/grupolifandi.com.mx\/blog\/aprende-a-mejorar-la-seguridad-en-el-almacen-en-10-pasos\/\" target=\"_blank\" rel=\"noreferrer noopener\">garantizar la seguridad de tu almac\u00e9n<\/a>.&nbsp;<\/p>\n\n\n\n<h3 class=\"wp-block-heading\" id=\"h-7-area-de-despacho\"><strong>7. \u00c1rea de Despacho.<\/strong><\/h3>\n\n\n\n<p> Por \u00faltimo tenemos el \u00e1rea de despacho. Esta \u00e1rea es la encargada de preparar y cargar las materias primas que se trasladar\u00e1n al \u00e1rea de producci\u00f3n. La coordinaci\u00f3n con el equipo de log\u00edstica es fundamental para garantizar una entrega oportuna.&nbsp;<\/p>\n\n\n\n<h2 class=\"wp-block-heading\" id=\"h-necesitas-disenar-tu-almacen-de-materias-primas\">\u00bfNecesitas dise\u00f1ar tu almac\u00e9n de materias primas?<\/h2>\n\n\n\n<p>&nbsp;Conoce nuestras soluciones en sistemas de almacenamiento industrial. Te ayudamos a dise\u00f1ar un almac\u00e9n a la medida de tus necesidades.&nbsp;<\/p>\n\n\n\n<figure class=\"wp-block-image size-large\"><a href=\"https:\/\/grupolifandi.com.mx\/\"><img loading=\"lazy\" decoding=\"async\" width=\"1024\" height=\"256\" src=\"https:\/\/grupolifandi.com.mx\/blog\/wp-content\/uploads\/2023\/12\/almacen-materias-primas-1024x256.png\" alt=\"almacen de materias primas \" class=\"wp-image-2305\" srcset=\"https:\/\/grupolifandi.com.mx\/blog\/wp-content\/uploads\/2023\/12\/almacen-materias-primas-1024x256.png 1024w, https:\/\/grupolifandi.com.mx\/blog\/wp-content\/uploads\/2023\/12\/almacen-materias-primas-300x75.png 300w, https:\/\/grupolifandi.com.mx\/blog\/wp-content\/uploads\/2023\/12\/almacen-materias-primas-768x192.png 768w, https:\/\/grupolifandi.com.mx\/blog\/wp-content\/uploads\/2023\/12\/almacen-materias-primas-1536x384.png 1536w, https:\/\/grupolifandi.com.mx\/blog\/wp-content\/uploads\/2023\/12\/almacen-materias-primas-150x38.png 150w, https:\/\/grupolifandi.com.mx\/blog\/wp-content\/uploads\/2023\/12\/almacen-materias-primas-696x174.png 696w, https:\/\/grupolifandi.com.mx\/blog\/wp-content\/uploads\/2023\/12\/almacen-materias-primas-1068x267.png 1068w, https:\/\/grupolifandi.com.mx\/blog\/wp-content\/uploads\/2023\/12\/almacen-materias-primas.png 1584w\" sizes=\"(max-width: 1024px) 100vw, 1024px\" \/><\/a><figcaption class=\"wp-element-caption\">Almac\u00e9n de materias primas <\/figcaption><\/figure>\n","protected":false},"excerpt":{"rendered":"<p>Este tipo de almacenamiento es primordial para el inicio de cualquier proceso, productos, es por esto que en el post de hoy hablamos sobre su organizaci\u00f3n y caracter\u00edsticas.\u00a0<\/p>\n","protected":false},"author":1,"featured_media":2308,"comment_status":"open","ping_status":"open","sticky":false,"template":"","format":"standard","meta":{"om_disable_all_campaigns":false,"_monsterinsights_skip_tracking":false,"_monsterinsights_sitenote_active":false,"_monsterinsights_sitenote_note":"","_monsterinsights_sitenote_category":0,"_uf_show_specific_survey":0,"_uf_disable_surveys":false,"footnotes":""},"categories":[29],"tags":[],"yoast_head":"<!-- This site is optimized with the Yoast SEO Premium plugin v23.0 (Yoast SEO v23.5) - https:\/\/yoast.com\/wordpress\/plugins\/seo\/ -->\n<title>Almac\u00e9n de materia prima: organizaci\u00f3n y caracter\u00edsticas\u00a0 | Blog<\/title>\n<meta name=\"description\" content=\"un almac\u00e9n de materias primas es un espacio dise\u00f1ado para almacenar materiales no procesados y que son necesarios para un proceso productivo.\" \/>\n<meta name=\"robots\" content=\"index, follow, max-snippet:-1, max-image-preview:large, max-video-preview:-1\" \/>\n<link rel=\"canonical\" href=\"https:\/\/grupolifandi.com.mx\/blog\/almacen-de-materia-prima-organizacion-y-caracteristicas\/\" \/>\n<meta property=\"og:locale\" content=\"es_MX\" \/>\n<meta property=\"og:type\" content=\"article\" \/>\n<meta property=\"og:title\" content=\"Almac\u00e9n de materia prima: organizaci\u00f3n y caracter\u00edsticas\u00a0\" \/>\n<meta property=\"og:description\" content=\"un almac\u00e9n de materias primas es un espacio dise\u00f1ado para almacenar materiales no procesados y que son necesarios para un proceso productivo.\" \/>\n<meta property=\"og:url\" content=\"https:\/\/grupolifandi.com.mx\/blog\/almacen-de-materia-prima-organizacion-y-caracteristicas\/\" \/>\n<meta property=\"og:site_name\" content=\"Blog\" \/>\n<meta property=\"article:publisher\" content=\"https:\/\/www.facebook.com\/GrupoLifandi\" \/>\n<meta property=\"article:author\" content=\"https:\/\/www.facebook.com\/GrupoLifandi\" \/>\n<meta property=\"article:published_time\" content=\"2023-12-07T15:34:32+00:00\" \/>\n<meta property=\"article:modified_time\" content=\"2023-12-11T15:14:30+00:00\" \/>\n<meta property=\"og:image\" content=\"https:\/\/grupolifandi.com.mx\/blog\/wp-content\/uploads\/2023\/12\/materia-prima.png\" \/>\n\t<meta property=\"og:image:width\" content=\"696\" \/>\n\t<meta property=\"og:image:height\" content=\"522\" \/>\n\t<meta property=\"og:image:type\" content=\"image\/png\" \/>\n<meta name=\"author\" content=\"Conoce m\u00e1s sobre nosotros\" \/>\n<meta name=\"twitter:card\" content=\"summary_large_image\" \/>\n<meta name=\"twitter:creator\" content=\"@https:\/\/twitter.com\/GrupoLifandi\" \/>\n<meta name=\"twitter:site\" content=\"@GrupoLifandi\" \/>\n<meta name=\"twitter:label1\" content=\"Escrito por\" \/>\n\t<meta name=\"twitter:data1\" content=\"Conoce m\u00e1s sobre nosotros\" \/>\n\t<meta name=\"twitter:label2\" content=\"Tiempo de lectura\" \/>\n\t<meta name=\"twitter:data2\" content=\"4 minutos\" \/>\n<script type=\"application\/ld+json\" class=\"yoast-schema-graph\">{\"@context\":\"https:\/\/schema.org\",\"@graph\":[{\"@type\":\"Article\",\"@id\":\"https:\/\/grupolifandi.com.mx\/blog\/almacen-de-materia-prima-organizacion-y-caracteristicas\/#article\",\"isPartOf\":{\"@id\":\"https:\/\/grupolifandi.com.mx\/blog\/almacen-de-materia-prima-organizacion-y-caracteristicas\/\"},\"author\":{\"name\":\"Conoce m\u00e1s sobre nosotros\",\"@id\":\"https:\/\/grupolifandi.com.mx\/blog\/#\/schema\/person\/060d4182d7707f3bab9dffe9c89cfe57\"},\"headline\":\"Almac\u00e9n de materia prima: organizaci\u00f3n y caracter\u00edsticas\u00a0\",\"datePublished\":\"2023-12-07T15:34:32+00:00\",\"dateModified\":\"2023-12-11T15:14:30+00:00\",\"mainEntityOfPage\":{\"@id\":\"https:\/\/grupolifandi.com.mx\/blog\/almacen-de-materia-prima-organizacion-y-caracteristicas\/\"},\"wordCount\":841,\"commentCount\":0,\"publisher\":{\"@id\":\"https:\/\/grupolifandi.com.mx\/blog\/#organization\"},\"image\":{\"@id\":\"https:\/\/grupolifandi.com.mx\/blog\/almacen-de-materia-prima-organizacion-y-caracteristicas\/#primaryimage\"},\"thumbnailUrl\":\"https:\/\/grupolifandi.com.mx\/blog\/wp-content\/uploads\/2023\/12\/materia-prima.png\",\"articleSection\":[\"Log\u00edstica de Almac\u00e9n\"],\"inLanguage\":\"es-MX\",\"potentialAction\":[{\"@type\":\"CommentAction\",\"name\":\"Comment\",\"target\":[\"https:\/\/grupolifandi.com.mx\/blog\/almacen-de-materia-prima-organizacion-y-caracteristicas\/#respond\"]}]},{\"@type\":\"WebPage\",\"@id\":\"https:\/\/grupolifandi.com.mx\/blog\/almacen-de-materia-prima-organizacion-y-caracteristicas\/\",\"url\":\"https:\/\/grupolifandi.com.mx\/blog\/almacen-de-materia-prima-organizacion-y-caracteristicas\/\",\"name\":\"Almac\u00e9n de materia prima: organizaci\u00f3n y caracter\u00edsticas\u00a0 | Blog\",\"isPartOf\":{\"@id\":\"https:\/\/grupolifandi.com.mx\/blog\/#website\"},\"primaryImageOfPage\":{\"@id\":\"https:\/\/grupolifandi.com.mx\/blog\/almacen-de-materia-prima-organizacion-y-caracteristicas\/#primaryimage\"},\"image\":{\"@id\":\"https:\/\/grupolifandi.com.mx\/blog\/almacen-de-materia-prima-organizacion-y-caracteristicas\/#primaryimage\"},\"thumbnailUrl\":\"https:\/\/grupolifandi.com.mx\/blog\/wp-content\/uploads\/2023\/12\/materia-prima.png\",\"datePublished\":\"2023-12-07T15:34:32+00:00\",\"dateModified\":\"2023-12-11T15:14:30+00:00\",\"description\":\"un almac\u00e9n de materias primas es un espacio dise\u00f1ado para almacenar materiales no procesados y que son necesarios para un proceso productivo.\",\"breadcrumb\":{\"@id\":\"https:\/\/grupolifandi.com.mx\/blog\/almacen-de-materia-prima-organizacion-y-caracteristicas\/#breadcrumb\"},\"inLanguage\":\"es-MX\",\"potentialAction\":[{\"@type\":\"ReadAction\",\"target\":[\"https:\/\/grupolifandi.com.mx\/blog\/almacen-de-materia-prima-organizacion-y-caracteristicas\/\"]}]},{\"@type\":\"ImageObject\",\"inLanguage\":\"es-MX\",\"@id\":\"https:\/\/grupolifandi.com.mx\/blog\/almacen-de-materia-prima-organizacion-y-caracteristicas\/#primaryimage\",\"url\":\"https:\/\/grupolifandi.com.mx\/blog\/wp-content\/uploads\/2023\/12\/materia-prima.png\",\"contentUrl\":\"https:\/\/grupolifandi.com.mx\/blog\/wp-content\/uploads\/2023\/12\/materia-prima.png\",\"width\":696,\"height\":522,\"caption\":\"materia prima\"},{\"@type\":\"BreadcrumbList\",\"@id\":\"https:\/\/grupolifandi.com.mx\/blog\/almacen-de-materia-prima-organizacion-y-caracteristicas\/#breadcrumb\",\"itemListElement\":[{\"@type\":\"ListItem\",\"position\":1,\"name\":\"Inicio\",\"item\":\"https:\/\/grupolifandi.com.mx\/blog\/\"},{\"@type\":\"ListItem\",\"position\":2,\"name\":\"Almac\u00e9n de materia prima: organizaci\u00f3n y caracter\u00edsticas\u00a0\"}]},{\"@type\":\"WebSite\",\"@id\":\"https:\/\/grupolifandi.com.mx\/blog\/#website\",\"url\":\"https:\/\/grupolifandi.com.mx\/blog\/\",\"name\":\"Blog\",\"description\":\"Dedicado a ofrecer informaci\u00f3n \u00fatil sobre sistemas de alamacenamiento industrial\",\"publisher\":{\"@id\":\"https:\/\/grupolifandi.com.mx\/blog\/#organization\"},\"potentialAction\":[{\"@type\":\"SearchAction\",\"target\":{\"@type\":\"EntryPoint\",\"urlTemplate\":\"https:\/\/grupolifandi.com.mx\/blog\/?s={search_term_string}\"},\"query-input\":{\"@type\":\"PropertyValueSpecification\",\"valueRequired\":true,\"valueName\":\"search_term_string\"}}],\"inLanguage\":\"es-MX\"},{\"@type\":\"Organization\",\"@id\":\"https:\/\/grupolifandi.com.mx\/blog\/#organization\",\"name\":\"Grupo Lifandi\",\"url\":\"https:\/\/grupolifandi.com.mx\/blog\/\",\"logo\":{\"@type\":\"ImageObject\",\"inLanguage\":\"es-MX\",\"@id\":\"https:\/\/grupolifandi.com.mx\/blog\/#\/schema\/logo\/image\/\",\"url\":\"https:\/\/grupolifandi.com.mx\/blog\/wp-content\/uploads\/2023\/09\/logo-grupo-lifandi.png\",\"contentUrl\":\"https:\/\/grupolifandi.com.mx\/blog\/wp-content\/uploads\/2023\/09\/logo-grupo-lifandi.png\",\"width\":256,\"height\":256,\"caption\":\"Grupo Lifandi\"},\"image\":{\"@id\":\"https:\/\/grupolifandi.com.mx\/blog\/#\/schema\/logo\/image\/\"},\"sameAs\":[\"https:\/\/www.facebook.com\/GrupoLifandi\",\"https:\/\/x.com\/GrupoLifandi\",\"https:\/\/www.linkedin.com\/company\/grupo-lifandi\/\"]},{\"@type\":\"Person\",\"@id\":\"https:\/\/grupolifandi.com.mx\/blog\/#\/schema\/person\/060d4182d7707f3bab9dffe9c89cfe57\",\"name\":\"Conoce m\u00e1s sobre nosotros\",\"image\":{\"@type\":\"ImageObject\",\"inLanguage\":\"es-MX\",\"@id\":\"https:\/\/grupolifandi.com.mx\/blog\/#\/schema\/person\/image\/\",\"url\":\"https:\/\/secure.gravatar.com\/avatar\/ca9984f3626425f3c5c73e954c326396?s=96&d=mm&r=g\",\"contentUrl\":\"https:\/\/secure.gravatar.com\/avatar\/ca9984f3626425f3c5c73e954c326396?s=96&d=mm&r=g\",\"caption\":\"Conoce m\u00e1s sobre nosotros\"},\"sameAs\":[\"https:\/\/grupolifandi.com.mx\",\"https:\/\/www.facebook.com\/GrupoLifandi\",\"https:\/\/www.linkedin.com\/company\/grupo-lifandi\/\",\"https:\/\/x.com\/https:\/\/twitter.com\/GrupoLifandi\"],\"url\":\"https:\/\/grupolifandi.com.mx\/blog\/author\/grupolifandi\/\"}]}<\/script>\n<!-- \/ Yoast SEO Premium plugin. -->","yoast_head_json":{"title":"Almac\u00e9n de materia prima: organizaci\u00f3n y caracter\u00edsticas\u00a0 | Blog","description":"un almac\u00e9n de materias primas es un espacio dise\u00f1ado para almacenar materiales no procesados y que son necesarios para un proceso productivo.","robots":{"index":"index","follow":"follow","max-snippet":"max-snippet:-1","max-image-preview":"max-image-preview:large","max-video-preview":"max-video-preview:-1"},"canonical":"https:\/\/grupolifandi.com.mx\/blog\/almacen-de-materia-prima-organizacion-y-caracteristicas\/","og_locale":"es_MX","og_type":"article","og_title":"Almac\u00e9n de materia prima: organizaci\u00f3n y caracter\u00edsticas\u00a0","og_description":"un almac\u00e9n de materias primas es un espacio dise\u00f1ado para almacenar materiales no procesados y que son necesarios para un proceso productivo.","og_url":"https:\/\/grupolifandi.com.mx\/blog\/almacen-de-materia-prima-organizacion-y-caracteristicas\/","og_site_name":"Blog","article_publisher":"https:\/\/www.facebook.com\/GrupoLifandi","article_author":"https:\/\/www.facebook.com\/GrupoLifandi","article_published_time":"2023-12-07T15:34:32+00:00","article_modified_time":"2023-12-11T15:14:30+00:00","og_image":[{"width":696,"height":522,"url":"https:\/\/grupolifandi.com.mx\/blog\/wp-content\/uploads\/2023\/12\/materia-prima.png","type":"image\/png"}],"author":"Conoce m\u00e1s sobre nosotros","twitter_card":"summary_large_image","twitter_creator":"@https:\/\/twitter.com\/GrupoLifandi","twitter_site":"@GrupoLifandi","twitter_misc":{"Escrito por":"Conoce m\u00e1s sobre nosotros","Tiempo de lectura":"4 minutos"},"schema":{"@context":"https:\/\/schema.org","@graph":[{"@type":"Article","@id":"https:\/\/grupolifandi.com.mx\/blog\/almacen-de-materia-prima-organizacion-y-caracteristicas\/#article","isPartOf":{"@id":"https:\/\/grupolifandi.com.mx\/blog\/almacen-de-materia-prima-organizacion-y-caracteristicas\/"},"author":{"name":"Conoce m\u00e1s sobre nosotros","@id":"https:\/\/grupolifandi.com.mx\/blog\/#\/schema\/person\/060d4182d7707f3bab9dffe9c89cfe57"},"headline":"Almac\u00e9n de materia prima: organizaci\u00f3n y caracter\u00edsticas\u00a0","datePublished":"2023-12-07T15:34:32+00:00","dateModified":"2023-12-11T15:14:30+00:00","mainEntityOfPage":{"@id":"https:\/\/grupolifandi.com.mx\/blog\/almacen-de-materia-prima-organizacion-y-caracteristicas\/"},"wordCount":841,"commentCount":0,"publisher":{"@id":"https:\/\/grupolifandi.com.mx\/blog\/#organization"},"image":{"@id":"https:\/\/grupolifandi.com.mx\/blog\/almacen-de-materia-prima-organizacion-y-caracteristicas\/#primaryimage"},"thumbnailUrl":"https:\/\/grupolifandi.com.mx\/blog\/wp-content\/uploads\/2023\/12\/materia-prima.png","articleSection":["Log\u00edstica de Almac\u00e9n"],"inLanguage":"es-MX","potentialAction":[{"@type":"CommentAction","name":"Comment","target":["https:\/\/grupolifandi.com.mx\/blog\/almacen-de-materia-prima-organizacion-y-caracteristicas\/#respond"]}]},{"@type":"WebPage","@id":"https:\/\/grupolifandi.com.mx\/blog\/almacen-de-materia-prima-organizacion-y-caracteristicas\/","url":"https:\/\/grupolifandi.com.mx\/blog\/almacen-de-materia-prima-organizacion-y-caracteristicas\/","name":"Almac\u00e9n de materia prima: organizaci\u00f3n y caracter\u00edsticas\u00a0 | Blog","isPartOf":{"@id":"https:\/\/grupolifandi.com.mx\/blog\/#website"},"primaryImageOfPage":{"@id":"https:\/\/grupolifandi.com.mx\/blog\/almacen-de-materia-prima-organizacion-y-caracteristicas\/#primaryimage"},"image":{"@id":"https:\/\/grupolifandi.com.mx\/blog\/almacen-de-materia-prima-organizacion-y-caracteristicas\/#primaryimage"},"thumbnailUrl":"https:\/\/grupolifandi.com.mx\/blog\/wp-content\/uploads\/2023\/12\/materia-prima.png","datePublished":"2023-12-07T15:34:32+00:00","dateModified":"2023-12-11T15:14:30+00:00","description":"un almac\u00e9n de materias primas es un espacio dise\u00f1ado para almacenar materiales no procesados y que son necesarios para un proceso productivo.","breadcrumb":{"@id":"https:\/\/grupolifandi.com.mx\/blog\/almacen-de-materia-prima-organizacion-y-caracteristicas\/#breadcrumb"},"inLanguage":"es-MX","potentialAction":[{"@type":"ReadAction","target":["https:\/\/grupolifandi.com.mx\/blog\/almacen-de-materia-prima-organizacion-y-caracteristicas\/"]}]},{"@type":"ImageObject","inLanguage":"es-MX","@id":"https:\/\/grupolifandi.com.mx\/blog\/almacen-de-materia-prima-organizacion-y-caracteristicas\/#primaryimage","url":"https:\/\/grupolifandi.com.mx\/blog\/wp-content\/uploads\/2023\/12\/materia-prima.png","contentUrl":"https:\/\/grupolifandi.com.mx\/blog\/wp-content\/uploads\/2023\/12\/materia-prima.png","width":696,"height":522,"caption":"materia prima"},{"@type":"BreadcrumbList","@id":"https:\/\/grupolifandi.com.mx\/blog\/almacen-de-materia-prima-organizacion-y-caracteristicas\/#breadcrumb","itemListElement":[{"@type":"ListItem","position":1,"name":"Inicio","item":"https:\/\/grupolifandi.com.mx\/blog\/"},{"@type":"ListItem","position":2,"name":"Almac\u00e9n de materia prima: organizaci\u00f3n y caracter\u00edsticas\u00a0"}]},{"@type":"WebSite","@id":"https:\/\/grupolifandi.com.mx\/blog\/#website","url":"https:\/\/grupolifandi.com.mx\/blog\/","name":"Blog","description":"Dedicado a ofrecer informaci\u00f3n \u00fatil sobre sistemas de alamacenamiento industrial","publisher":{"@id":"https:\/\/grupolifandi.com.mx\/blog\/#organization"},"potentialAction":[{"@type":"SearchAction","target":{"@type":"EntryPoint","urlTemplate":"https:\/\/grupolifandi.com.mx\/blog\/?s={search_term_string}"},"query-input":{"@type":"PropertyValueSpecification","valueRequired":true,"valueName":"search_term_string"}}],"inLanguage":"es-MX"},{"@type":"Organization","@id":"https:\/\/grupolifandi.com.mx\/blog\/#organization","name":"Grupo Lifandi","url":"https:\/\/grupolifandi.com.mx\/blog\/","logo":{"@type":"ImageObject","inLanguage":"es-MX","@id":"https:\/\/grupolifandi.com.mx\/blog\/#\/schema\/logo\/image\/","url":"https:\/\/grupolifandi.com.mx\/blog\/wp-content\/uploads\/2023\/09\/logo-grupo-lifandi.png","contentUrl":"https:\/\/grupolifandi.com.mx\/blog\/wp-content\/uploads\/2023\/09\/logo-grupo-lifandi.png","width":256,"height":256,"caption":"Grupo Lifandi"},"image":{"@id":"https:\/\/grupolifandi.com.mx\/blog\/#\/schema\/logo\/image\/"},"sameAs":["https:\/\/www.facebook.com\/GrupoLifandi","https:\/\/x.com\/GrupoLifandi","https:\/\/www.linkedin.com\/company\/grupo-lifandi\/"]},{"@type":"Person","@id":"https:\/\/grupolifandi.com.mx\/blog\/#\/schema\/person\/060d4182d7707f3bab9dffe9c89cfe57","name":"Conoce m\u00e1s sobre nosotros","image":{"@type":"ImageObject","inLanguage":"es-MX","@id":"https:\/\/grupolifandi.com.mx\/blog\/#\/schema\/person\/image\/","url":"https:\/\/secure.gravatar.com\/avatar\/ca9984f3626425f3c5c73e954c326396?s=96&d=mm&r=g","contentUrl":"https:\/\/secure.gravatar.com\/avatar\/ca9984f3626425f3c5c73e954c326396?s=96&d=mm&r=g","caption":"Conoce m\u00e1s sobre nosotros"},"sameAs":["https:\/\/grupolifandi.com.mx","https:\/\/www.facebook.com\/GrupoLifandi","https:\/\/www.linkedin.com\/company\/grupo-lifandi\/","https:\/\/x.com\/https:\/\/twitter.com\/GrupoLifandi"],"url":"https:\/\/grupolifandi.com.mx\/blog\/author\/grupolifandi\/"}]}},"_links":{"self":[{"href":"https:\/\/grupolifandi.com.mx\/blog\/wp-json\/wp\/v2\/posts\/2297"}],"collection":[{"href":"https:\/\/grupolifandi.com.mx\/blog\/wp-json\/wp\/v2\/posts"}],"about":[{"href":"https:\/\/grupolifandi.com.mx\/blog\/wp-json\/wp\/v2\/types\/post"}],"author":[{"embeddable":true,"href":"https:\/\/grupolifandi.com.mx\/blog\/wp-json\/wp\/v2\/users\/1"}],"replies":[{"embeddable":true,"href":"https:\/\/grupolifandi.com.mx\/blog\/wp-json\/wp\/v2\/comments?post=2297"}],"version-history":[{"count":0,"href":"https:\/\/grupolifandi.com.mx\/blog\/wp-json\/wp\/v2\/posts\/2297\/revisions"}],"wp:featuredmedia":[{"embeddable":true,"href":"https:\/\/grupolifandi.com.mx\/blog\/wp-json\/wp\/v2\/media\/2308"}],"wp:attachment":[{"href":"https:\/\/grupolifandi.com.mx\/blog\/wp-json\/wp\/v2\/media?parent=2297"}],"wp:term":[{"taxonomy":"category","embeddable":true,"href":"https:\/\/grupolifandi.com.mx\/blog\/wp-json\/wp\/v2\/categories?post=2297"},{"taxonomy":"post_tag","embeddable":true,"href":"https:\/\/grupolifandi.com.mx\/blog\/wp-json\/wp\/v2\/tags?post=2297"}],"curies":[{"name":"wp","href":"https:\/\/api.w.org\/{rel}","templated":true}]}}