{"id":2158,"date":"2023-12-05T21:51:15","date_gmt":"2023-12-05T21:51:15","guid":{"rendered":"https:\/\/grupolifandi.com.mx\/blog\/?p=2158"},"modified":"2023-12-11T15:16:18","modified_gmt":"2023-12-11T15:16:18","slug":"capacidad-de-almacenamiento-descubre-como-calcularla","status":"publish","type":"post","link":"https:\/\/grupolifandi.com.mx\/blog\/capacidad-de-almacenamiento-descubre-como-calcularla\/","title":{"rendered":"Capacidad de almacenamiento: Descubre como calcularla."},"content":{"rendered":"\n<p>En este art\u00edculo, desglosaremos de manera sencilla y directa c\u00f3mo calcular la capacidad de almacenamiento de un almac\u00e9n. Si est\u00e1s a punto de <a href=\"https:\/\/grupolifandi.com.mx\/blog\/como-hacer-un-layout-de-almacen\/\" target=\"_blank\" rel=\"noreferrer noopener\">dise\u00f1ar el layout de tu almac\u00e9n<\/a> o si necesitas optimizar el espacio que tienes disponible, este art\u00edculo es para ti. A continuaci\u00f3n compartiremos contigo qu\u00e9 es la capacidad de almacenaje en un almac\u00e9n y como calcularla para que saques el mayor provecho de tu espacio.&nbsp;<\/p>\n\n\n\n<h2 class=\"wp-block-heading\" id=\"h-que-es-la-capacidad-de-almacenaje-en-un-almacen-nbsp\">\u00bfQu\u00e9 es la capacidad de almacenaje en un almac\u00e9n?&nbsp;<\/h2>\n\n\n\n<p>La capacidad de un almac\u00e9n se refiere a la cantidad m\u00e1xima de productos o mercanc\u00edas que puede contener en un espacio determinado. Esta medida es esencial para optimizar el uso del espacio disponible y garantizar una gesti\u00f3n eficiente del inventario. La capacidad de un almac\u00e9n se expresa com\u00fanmente en t\u00e9rminos de volumen, y se calcula considerando factores como la altura, longitud y anchura del espacio de almacenamiento.<\/p>\n\n\n\n<p>Este conocimiento es crucial para planificar adecuadamente la disposici\u00f3n de estanter\u00edas, racks y otros elementos de almacenamiento con el objetivo de maximizar la eficiencia y facilitar la gesti\u00f3n log\u00edstica.<\/p>\n\n\n\n<figure class=\"wp-block-image size-large\" id=\"capacidad-almacenaje\"><a href=\"https:\/\/grupolifandi.com.mx\/\"><img loading=\"lazy\" decoding=\"async\" width=\"1024\" height=\"256\" src=\"https:\/\/grupolifandi.com.mx\/blog\/wp-content\/uploads\/2023\/12\/capacidad-almacen-1024x256.png\" alt=\"capacidad de almacen\" class=\"wp-image-2183\" srcset=\"https:\/\/grupolifandi.com.mx\/blog\/wp-content\/uploads\/2023\/12\/capacidad-almacen-1024x256.png 1024w, https:\/\/grupolifandi.com.mx\/blog\/wp-content\/uploads\/2023\/12\/capacidad-almacen-300x75.png 300w, https:\/\/grupolifandi.com.mx\/blog\/wp-content\/uploads\/2023\/12\/capacidad-almacen-768x192.png 768w, https:\/\/grupolifandi.com.mx\/blog\/wp-content\/uploads\/2023\/12\/capacidad-almacen-1536x384.png 1536w, https:\/\/grupolifandi.com.mx\/blog\/wp-content\/uploads\/2023\/12\/capacidad-almacen-150x38.png 150w, https:\/\/grupolifandi.com.mx\/blog\/wp-content\/uploads\/2023\/12\/capacidad-almacen-696x174.png 696w, https:\/\/grupolifandi.com.mx\/blog\/wp-content\/uploads\/2023\/12\/capacidad-almacen-1068x267.png 1068w, https:\/\/grupolifandi.com.mx\/blog\/wp-content\/uploads\/2023\/12\/capacidad-almacen.png 1584w\" sizes=\"(max-width: 1024px) 100vw, 1024px\" \/><\/a><figcaption class=\"wp-element-caption\">capacidad de almacen <\/figcaption><\/figure>\n\n\n\n<h2 class=\"wp-block-heading\" id=\"h-que-datos-se-deben-tener-en-cuenta-al-evaluar-un-almacen-nbsp\">\u00bfQu\u00e9 datos se deben tener en cuenta al evaluar un almac\u00e9n?&nbsp;<\/h2>\n\n\n\n<h3 class=\"wp-block-heading\" id=\"h-1-mide-las-dimensiones-del-almacen\">1. Mide las dimensiones del almac\u00e9n<\/h3>\n\n\n\n<ul>\n<li>&nbsp;&nbsp;&nbsp;Longitud: Mide la distancia de un extremo a otro del almac\u00e9n.<\/li>\n\n\n\n<li>&nbsp;&nbsp;&nbsp;Anchura: Mide la distancia de un lado a otro del almac\u00e9n.<\/li>\n\n\n\n<li>&nbsp;&nbsp;&nbsp;Altura: Mide la altura del suelo al techo.<\/li>\n<\/ul>\n\n\n\n<h3 class=\"wp-block-heading\" id=\"h-2-calcula-el-volumen-total-del-almacen\">2. Calcula el volumen total del almac\u00e9n<\/h3>\n\n\n\n<p>Multiplica la longitud, la anchura y la altura para obtener el volumen total del almac\u00e9n en metros c\u00fabicos (m\u00b3).<\/p>\n\n\n\n<p><strong><em>Volumen<\/em>=<\/strong>Longitud\u00d7Anchura\u00d7Altura<\/p>\n\n\n\n<h3 class=\"wp-block-heading\" id=\"h-3-define-la-densidad-de-almacenamiento\">3. Define la densidad de almacenamiento.<\/h3>\n\n\n\n<p>La densidad de almacenamiento se refiere a cu\u00e1nto espacio del almac\u00e9n se utilizar\u00e1 efectivamente para el almacenamiento de productos. Este valor se expresa com\u00fanmente como un porcentaje.<\/p>\n\n\n\n<h3 class=\"wp-block-heading\" id=\"h-4-calcula-la-capacidad-de-almacenamiento\">4. Calcula la capacidad de almacenamiento<\/h3>\n\n\n\n<p>Multiplica el volumen total del almac\u00e9n por la densidad de almacenamiento para obtener la capacidad de almacenaje efectiva.<\/p>\n\n\n\n<p><strong>Capacidad de Almacenaje<\/strong>=Volumen Total Ajustado\u00d7Densidad de Almacenamiento<\/p>\n\n\n\n<h2 class=\"wp-block-heading\" id=\"h-que-soluciones-existen-para-optimizar-la-capacidad-de-almacenaje-de-un-almacen-nbsp\">\u00bfQu\u00e9 soluciones existen para optimizar la capacidad de almacenaje de un almac\u00e9n?&nbsp;<\/h2>\n\n\n\n<p>La mejor opci\u00f3n para aprovechar espacios peque\u00f1os son las estanter\u00edas compactas,  algunos tipos de racks compactos son:&nbsp;&nbsp;<\/p>\n\n\n\n<h3 class=\"wp-block-heading\" id=\"h-1-estanterias-dinamicas-para-optimizar-la-capacidad-de-almacenamiento\">1. <a href=\"https:\/\/grupolifandi.com.mx\/rack-dinamico\">Estanter\u00edas din\u00e1micas<\/a> para optimizar la capacidad de almacenamiento.<\/h3>\n\n\n<div class=\"wp-block-image\">\n<figure class=\"aligncenter size-large is-resized\"><img loading=\"lazy\" decoding=\"async\" width=\"1024\" height=\"768\" src=\"https:\/\/grupolifandi.com.mx\/blog\/wp-content\/uploads\/2023\/12\/dinamico-1-1024x768.jpg\" alt=\"rack dinamico \" class=\"wp-image-2177\" style=\"width:401px;height:auto\" srcset=\"https:\/\/grupolifandi.com.mx\/blog\/wp-content\/uploads\/2023\/12\/dinamico-1-1024x768.jpg 1024w, https:\/\/grupolifandi.com.mx\/blog\/wp-content\/uploads\/2023\/12\/dinamico-1-300x225.jpg 300w, https:\/\/grupolifandi.com.mx\/blog\/wp-content\/uploads\/2023\/12\/dinamico-1-768x576.jpg 768w, https:\/\/grupolifandi.com.mx\/blog\/wp-content\/uploads\/2023\/12\/dinamico-1-150x113.jpg 150w, https:\/\/grupolifandi.com.mx\/blog\/wp-content\/uploads\/2023\/12\/dinamico-1-696x522.jpg 696w, https:\/\/grupolifandi.com.mx\/blog\/wp-content\/uploads\/2023\/12\/dinamico-1-1068x801.jpg 1068w, https:\/\/grupolifandi.com.mx\/blog\/wp-content\/uploads\/2023\/12\/dinamico-1.jpg 1280w\" sizes=\"(max-width: 1024px) 100vw, 1024px\" \/><figcaption class=\"wp-element-caption\">rack dinamico <\/figcaption><\/figure><\/div>\n\n\n<p>Las estanter\u00edas din\u00e1micas son una buena opci\u00f3n para optimizar la capacidad de almacenamiento debido a que se caracteriza por su dise\u00f1o de estanter\u00edas con rodillos o pistas inclinadas que permiten que los productos se desplacen autom\u00e1ticamente hacia el extremo frontal del rack. Esto facilita una rotaci\u00f3n de inventario eficiente, ya que el primer producto en entrar es el primero en salir (FIFO) o el \u00faltimo en entrar es el primero en salir (LIFO), seg\u00fan la configuraci\u00f3n espec\u00edfica.<\/p>\n\n\n\n<h3 class=\"wp-block-heading\" id=\"h-2-estanterias-drive-in-para-aumentar-la-capacidad-de-almacenamiento\">2. <a href=\"https:\/\/grupolifandi.com.mx\/rack-drive-in\">Estanter\u00edas drive in<\/a> para aumentar la capacidad de almacenamiento <\/h3>\n\n\n\n<p>El sistema de almacenamiento drive in es una excelente opci\u00f3n para maximizar el espacio e almacenamiento en los pasillos. se caracteriza por su estructura de estanter\u00edas con carriles que permiten que los veh\u00edculos de carga, como montacargas o carretillas elevadoras, accedan directamente a las ubicaciones de almacenamiento sin necesidad de pasillos intermedios.<\/p>\n\n\n<div class=\"wp-block-image\">\n<figure class=\"aligncenter size-large is-resized\"><img loading=\"lazy\" decoding=\"async\" width=\"602\" height=\"1024\" src=\"https:\/\/grupolifandi.com.mx\/blog\/wp-content\/uploads\/2023\/12\/20231113_131429-602x1024.jpg\" alt=\"estanterias drive in \" class=\"wp-image-2176\" style=\"width:265px;height:auto\" srcset=\"https:\/\/grupolifandi.com.mx\/blog\/wp-content\/uploads\/2023\/12\/20231113_131429-602x1024.jpg 602w, https:\/\/grupolifandi.com.mx\/blog\/wp-content\/uploads\/2023\/12\/20231113_131429-176x300.jpg 176w, https:\/\/grupolifandi.com.mx\/blog\/wp-content\/uploads\/2023\/12\/20231113_131429-768x1307.jpg 768w, https:\/\/grupolifandi.com.mx\/blog\/wp-content\/uploads\/2023\/12\/20231113_131429-902x1536.jpg 902w, https:\/\/grupolifandi.com.mx\/blog\/wp-content\/uploads\/2023\/12\/20231113_131429-150x255.jpg 150w, https:\/\/grupolifandi.com.mx\/blog\/wp-content\/uploads\/2023\/12\/20231113_131429-300x511.jpg 300w, https:\/\/grupolifandi.com.mx\/blog\/wp-content\/uploads\/2023\/12\/20231113_131429-696x1185.jpg 696w, https:\/\/grupolifandi.com.mx\/blog\/wp-content\/uploads\/2023\/12\/20231113_131429-1068x1818.jpg 1068w, https:\/\/grupolifandi.com.mx\/blog\/wp-content\/uploads\/2023\/12\/20231113_131429.jpg 1134w\" sizes=\"(max-width: 602px) 100vw, 602px\" \/><figcaption class=\"wp-element-caption\">capacidad de almacenaje<\/figcaption><\/figure><\/div>\n\n\n<h3 class=\"wp-block-heading\" id=\"h-3-racks-selectivos-nbsp\">3. <a href=\"https:\/\/grupolifandi.com.mx\/rack-selectivo\">Racks Selectivos&nbsp;<\/a><\/h3>\n\n\n\n<p>El rack selectivo es un sistema de almacenamiento de tipo estanter\u00eda dise\u00f1ado para el acceso directo y selectivo a cada unidad de carga. La ventaja de este tipo de estanter\u00eda compacta es que facilitan el proceso de picking debido a que se puede acceder f\u00e1cilmente a los productos.&nbsp;<\/p>\n\n\n<div class=\"wp-block-image\">\n<figure class=\"aligncenter size-full is-resized\"><img loading=\"lazy\" decoding=\"async\" width=\"800\" height=\"600\" src=\"https:\/\/grupolifandi.com.mx\/blog\/wp-content\/uploads\/2023\/10\/rack-selectivo.png\" alt=\"capacidad de almacenaje rack selectivo \" class=\"wp-image-994\" style=\"width:389px;height:auto\" srcset=\"https:\/\/grupolifandi.com.mx\/blog\/wp-content\/uploads\/2023\/10\/rack-selectivo.png 800w, https:\/\/grupolifandi.com.mx\/blog\/wp-content\/uploads\/2023\/10\/rack-selectivo-300x225.png 300w, https:\/\/grupolifandi.com.mx\/blog\/wp-content\/uploads\/2023\/10\/rack-selectivo-768x576.png 768w, https:\/\/grupolifandi.com.mx\/blog\/wp-content\/uploads\/2023\/10\/rack-selectivo-150x113.png 150w, https:\/\/grupolifandi.com.mx\/blog\/wp-content\/uploads\/2023\/10\/rack-selectivo-696x522.png 696w, https:\/\/grupolifandi.com.mx\/blog\/wp-content\/uploads\/2023\/10\/rack-selectivo-265x198.png 265w\" sizes=\"(max-width: 800px) 100vw, 800px\" \/><figcaption class=\"wp-element-caption\">rack selectivo ventajas y desventajas <\/figcaption><\/figure><\/div>\n\n\n<h3 class=\"wp-block-heading\" id=\"h-4-sistemas-automaticos-nbsp\">4. <a href=\"https:\/\/grupolifandi.com.mx\/almacenes-automaticos\">Sistemas autom\u00e1ticos&nbsp;<\/a><\/h3>\n\n\n\n<p>Por ejemplo, los conveyors verticales o transelevadores verticales de tarimas incrementan la capacidad de almacenaje en hasta 100 pallets por hora, adem\u00e1s simplifican la entrada y salida de mercanc\u00edas. Tambi\u00e9n existen los conveyors tradicionales que permiten el flujo de mercanc\u00eda de un espacio a otro dentro del almac\u00e9n o los elevadores de caja que permiten cargas de hasta 100 kg.\u00a0 Conoce a fondo las caracter\u00edsticas de los diferentes tipos de sistemas de almacenaje en nuestro art\u00edculo <a href=\"https:\/\/grupolifandi.com.mx\/blog\/tipos-de-racks-industriales-para-tu-almacen\/\" target=\"_blank\" rel=\"noreferrer noopener\">tipos de racks industriales para tu almac\u00e9n<\/a>. <\/p>\n\n\n<div class=\"wp-block-image\">\n<figure class=\"aligncenter size-large is-resized\"><img loading=\"lazy\" decoding=\"async\" width=\"768\" height=\"1024\" src=\"https:\/\/grupolifandi.com.mx\/blog\/wp-content\/uploads\/2023\/12\/conveyors2-1-768x1024.jpg\" alt=\"capacidad de almacenaje conveyors\" class=\"wp-image-2179\" style=\"width:321px;height:auto\" srcset=\"https:\/\/grupolifandi.com.mx\/blog\/wp-content\/uploads\/2023\/12\/conveyors2-1-768x1024.jpg 768w, https:\/\/grupolifandi.com.mx\/blog\/wp-content\/uploads\/2023\/12\/conveyors2-1-225x300.jpg 225w, https:\/\/grupolifandi.com.mx\/blog\/wp-content\/uploads\/2023\/12\/conveyors2-1-1152x1536.jpg 1152w, https:\/\/grupolifandi.com.mx\/blog\/wp-content\/uploads\/2023\/12\/conveyors2-1-150x200.jpg 150w, https:\/\/grupolifandi.com.mx\/blog\/wp-content\/uploads\/2023\/12\/conveyors2-1-300x400.jpg 300w, https:\/\/grupolifandi.com.mx\/blog\/wp-content\/uploads\/2023\/12\/conveyors2-1-696x928.jpg 696w, https:\/\/grupolifandi.com.mx\/blog\/wp-content\/uploads\/2023\/12\/conveyors2-1-1068x1424.jpg 1068w, https:\/\/grupolifandi.com.mx\/blog\/wp-content\/uploads\/2023\/12\/conveyors2-1.jpg 1200w\" sizes=\"(max-width: 768px) 100vw, 768px\" \/><figcaption class=\"wp-element-caption\">conveyors<\/figcaption><\/figure><\/div>\n\n\n<h3 class=\"wp-block-heading\" id=\"h-necesitas-optimizar-tu-capacidad-de-almacenamiento-nbsp\">\u00bfNecesitas optimizar tu capacidad de almacenamiento?&nbsp;<br><\/h3>\n\n\n\n<p>Conoce nuestras soluciones en <a href=\"https:\/\/grupolifandi.com.mx\/\" target=\"_blank\" rel=\"noreferrer noopener\">sistemas de almacenaje<\/a>&nbsp;y conoce como puedes optimizar el espacio de tu almac\u00e9n. Un especialista estar\u00e1 encantado de ayudarte a dise\u00f1ar una soluci\u00f3n a la medida de tus necesidades.&nbsp;<\/p>\n\n\n\n<div style=\"height:43px\" aria-hidden=\"true\" class=\"wp-block-spacer\"><\/div>\n\n\n\n<div class=\"wp-block-buttons is-content-justification-center is-layout-flex wp-container-core-buttons-layout-1 wp-block-buttons-is-layout-flex\">\n<div class=\"wp-block-button\"><a class=\"wp-block-button__link has-black-color has-luminous-vivid-amber-background-color has-text-color has-background has-link-color has-text-align-center wp-element-button\" href=\"https:\/\/grupolifandi.com.mx\/proyectos-de-racks-industriales\">Conoce nuestros proyectos <\/a><\/div>\n<\/div>\n\n\n\n<div style=\"height:49px\" aria-hidden=\"true\" class=\"wp-block-spacer\"><\/div>\n\n\n\n<figure class=\"wp-block-image size-large\" id=\"capacidad-almacenaje\"><a href=\"https:\/\/grupolifandi.com.mx\/contacto\"><img loading=\"lazy\" decoding=\"async\" width=\"1024\" height=\"256\" src=\"https:\/\/grupolifandi.com.mx\/blog\/wp-content\/uploads\/2023\/12\/capacidad-almacen-1024x256.png\" alt=\"capacidad de almacen\" class=\"wp-image-2183\" srcset=\"https:\/\/grupolifandi.com.mx\/blog\/wp-content\/uploads\/2023\/12\/capacidad-almacen-1024x256.png 1024w, https:\/\/grupolifandi.com.mx\/blog\/wp-content\/uploads\/2023\/12\/capacidad-almacen-300x75.png 300w, https:\/\/grupolifandi.com.mx\/blog\/wp-content\/uploads\/2023\/12\/capacidad-almacen-768x192.png 768w, https:\/\/grupolifandi.com.mx\/blog\/wp-content\/uploads\/2023\/12\/capacidad-almacen-1536x384.png 1536w, https:\/\/grupolifandi.com.mx\/blog\/wp-content\/uploads\/2023\/12\/capacidad-almacen-150x38.png 150w, https:\/\/grupolifandi.com.mx\/blog\/wp-content\/uploads\/2023\/12\/capacidad-almacen-696x174.png 696w, https:\/\/grupolifandi.com.mx\/blog\/wp-content\/uploads\/2023\/12\/capacidad-almacen-1068x267.png 1068w, https:\/\/grupolifandi.com.mx\/blog\/wp-content\/uploads\/2023\/12\/capacidad-almacen.png 1584w\" sizes=\"(max-width: 1024px) 100vw, 1024px\" \/><\/a><figcaption class=\"wp-element-caption\">capacidad de almacen <\/figcaption><\/figure>\n","protected":false},"excerpt":{"rendered":"<p>A continuaci\u00f3n compartiremos contigo qu\u00e9 es la capacidad de almacenaje en un almac\u00e9n y como calcularla para que saques el mayor provecho de tu espacio.<\/p>\n","protected":false},"author":1,"featured_media":2362,"comment_status":"open","ping_status":"open","sticky":false,"template":"","format":"standard","meta":{"om_disable_all_campaigns":false,"_monsterinsights_skip_tracking":false,"_monsterinsights_sitenote_active":false,"_monsterinsights_sitenote_note":"","_monsterinsights_sitenote_category":0,"_uf_show_specific_survey":0,"_uf_disable_surveys":false,"footnotes":""},"categories":[29],"tags":[],"yoast_head":"<!-- This site is optimized with the Yoast SEO Premium plugin v23.0 (Yoast SEO v23.5) - https:\/\/yoast.com\/wordpress\/plugins\/seo\/ -->\n<title>Capacidad de almacenamiento: Descubre como calcularla. | Blog<\/title>\n<meta name=\"description\" content=\"Capacidad de almacenamiento: el primer paso es medir las dimensiones del almac\u00e9n, despu\u00e9s calcular el volumen, y la densidad de almacenamiento\" \/>\n<meta name=\"robots\" content=\"index, follow, max-snippet:-1, max-image-preview:large, max-video-preview:-1\" \/>\n<link rel=\"canonical\" href=\"https:\/\/grupolifandi.com.mx\/blog\/capacidad-de-almacenamiento-descubre-como-calcularla\/\" \/>\n<meta property=\"og:locale\" content=\"es_MX\" \/>\n<meta property=\"og:type\" content=\"article\" \/>\n<meta property=\"og:title\" content=\"Capacidad de almacenamiento: Descubre como calcularla.\" \/>\n<meta property=\"og:description\" content=\"Capacidad de almacenamiento: el primer paso es medir las dimensiones del almac\u00e9n, despu\u00e9s calcular el volumen, y la densidad de almacenamiento\" \/>\n<meta property=\"og:url\" content=\"https:\/\/grupolifandi.com.mx\/blog\/capacidad-de-almacenamiento-descubre-como-calcularla\/\" \/>\n<meta property=\"og:site_name\" content=\"Blog\" \/>\n<meta property=\"article:publisher\" content=\"https:\/\/www.facebook.com\/GrupoLifandi\" \/>\n<meta property=\"article:author\" content=\"https:\/\/www.facebook.com\/GrupoLifandi\" \/>\n<meta property=\"article:published_time\" content=\"2023-12-05T21:51:15+00:00\" \/>\n<meta property=\"article:modified_time\" content=\"2023-12-11T15:16:18+00:00\" \/>\n<meta property=\"og:image\" content=\"https:\/\/grupolifandi.com.mx\/blog\/wp-content\/uploads\/2023\/12\/capacidad-alamacenamiento.png\" \/>\n\t<meta property=\"og:image:width\" content=\"696\" \/>\n\t<meta property=\"og:image:height\" content=\"522\" \/>\n\t<meta property=\"og:image:type\" content=\"image\/png\" \/>\n<meta name=\"author\" content=\"Conoce m\u00e1s sobre nosotros\" \/>\n<meta name=\"twitter:card\" content=\"summary_large_image\" \/>\n<meta name=\"twitter:creator\" content=\"@https:\/\/twitter.com\/GrupoLifandi\" \/>\n<meta name=\"twitter:site\" content=\"@GrupoLifandi\" \/>\n<meta name=\"twitter:label1\" content=\"Escrito por\" \/>\n\t<meta name=\"twitter:data1\" content=\"Conoce m\u00e1s sobre nosotros\" \/>\n\t<meta name=\"twitter:label2\" content=\"Tiempo de lectura\" \/>\n\t<meta name=\"twitter:data2\" content=\"5 minutos\" \/>\n<script type=\"application\/ld+json\" class=\"yoast-schema-graph\">{\"@context\":\"https:\/\/schema.org\",\"@graph\":[{\"@type\":\"Article\",\"@id\":\"https:\/\/grupolifandi.com.mx\/blog\/capacidad-de-almacenamiento-descubre-como-calcularla\/#article\",\"isPartOf\":{\"@id\":\"https:\/\/grupolifandi.com.mx\/blog\/capacidad-de-almacenamiento-descubre-como-calcularla\/\"},\"author\":{\"name\":\"Conoce m\u00e1s sobre nosotros\",\"@id\":\"https:\/\/grupolifandi.com.mx\/blog\/#\/schema\/person\/060d4182d7707f3bab9dffe9c89cfe57\"},\"headline\":\"Capacidad de almacenamiento: Descubre como calcularla.\",\"datePublished\":\"2023-12-05T21:51:15+00:00\",\"dateModified\":\"2023-12-11T15:16:18+00:00\",\"mainEntityOfPage\":{\"@id\":\"https:\/\/grupolifandi.com.mx\/blog\/capacidad-de-almacenamiento-descubre-como-calcularla\/\"},\"wordCount\":774,\"commentCount\":0,\"publisher\":{\"@id\":\"https:\/\/grupolifandi.com.mx\/blog\/#organization\"},\"image\":{\"@id\":\"https:\/\/grupolifandi.com.mx\/blog\/capacidad-de-almacenamiento-descubre-como-calcularla\/#primaryimage\"},\"thumbnailUrl\":\"https:\/\/grupolifandi.com.mx\/blog\/wp-content\/uploads\/2023\/12\/capacidad-alamacenamiento.png\",\"articleSection\":[\"Log\u00edstica de Almac\u00e9n\"],\"inLanguage\":\"es-MX\",\"potentialAction\":[{\"@type\":\"CommentAction\",\"name\":\"Comment\",\"target\":[\"https:\/\/grupolifandi.com.mx\/blog\/capacidad-de-almacenamiento-descubre-como-calcularla\/#respond\"]}]},{\"@type\":\"WebPage\",\"@id\":\"https:\/\/grupolifandi.com.mx\/blog\/capacidad-de-almacenamiento-descubre-como-calcularla\/\",\"url\":\"https:\/\/grupolifandi.com.mx\/blog\/capacidad-de-almacenamiento-descubre-como-calcularla\/\",\"name\":\"Capacidad de almacenamiento: Descubre como calcularla. | Blog\",\"isPartOf\":{\"@id\":\"https:\/\/grupolifandi.com.mx\/blog\/#website\"},\"primaryImageOfPage\":{\"@id\":\"https:\/\/grupolifandi.com.mx\/blog\/capacidad-de-almacenamiento-descubre-como-calcularla\/#primaryimage\"},\"image\":{\"@id\":\"https:\/\/grupolifandi.com.mx\/blog\/capacidad-de-almacenamiento-descubre-como-calcularla\/#primaryimage\"},\"thumbnailUrl\":\"https:\/\/grupolifandi.com.mx\/blog\/wp-content\/uploads\/2023\/12\/capacidad-alamacenamiento.png\",\"datePublished\":\"2023-12-05T21:51:15+00:00\",\"dateModified\":\"2023-12-11T15:16:18+00:00\",\"description\":\"Capacidad de almacenamiento: el primer paso es medir las dimensiones del almac\u00e9n, despu\u00e9s calcular el volumen, y la densidad de almacenamiento\",\"breadcrumb\":{\"@id\":\"https:\/\/grupolifandi.com.mx\/blog\/capacidad-de-almacenamiento-descubre-como-calcularla\/#breadcrumb\"},\"inLanguage\":\"es-MX\",\"potentialAction\":[{\"@type\":\"ReadAction\",\"target\":[\"https:\/\/grupolifandi.com.mx\/blog\/capacidad-de-almacenamiento-descubre-como-calcularla\/\"]}]},{\"@type\":\"ImageObject\",\"inLanguage\":\"es-MX\",\"@id\":\"https:\/\/grupolifandi.com.mx\/blog\/capacidad-de-almacenamiento-descubre-como-calcularla\/#primaryimage\",\"url\":\"https:\/\/grupolifandi.com.mx\/blog\/wp-content\/uploads\/2023\/12\/capacidad-alamacenamiento.png\",\"contentUrl\":\"https:\/\/grupolifandi.com.mx\/blog\/wp-content\/uploads\/2023\/12\/capacidad-alamacenamiento.png\",\"width\":696,\"height\":522,\"caption\":\"capacidad de almacenamiento\"},{\"@type\":\"BreadcrumbList\",\"@id\":\"https:\/\/grupolifandi.com.mx\/blog\/capacidad-de-almacenamiento-descubre-como-calcularla\/#breadcrumb\",\"itemListElement\":[{\"@type\":\"ListItem\",\"position\":1,\"name\":\"Inicio\",\"item\":\"https:\/\/grupolifandi.com.mx\/blog\/\"},{\"@type\":\"ListItem\",\"position\":2,\"name\":\"Capacidad de almacenamiento: Descubre como calcularla.\"}]},{\"@type\":\"WebSite\",\"@id\":\"https:\/\/grupolifandi.com.mx\/blog\/#website\",\"url\":\"https:\/\/grupolifandi.com.mx\/blog\/\",\"name\":\"Blog\",\"description\":\"Dedicado a ofrecer informaci\u00f3n \u00fatil sobre sistemas de alamacenamiento industrial\",\"publisher\":{\"@id\":\"https:\/\/grupolifandi.com.mx\/blog\/#organization\"},\"potentialAction\":[{\"@type\":\"SearchAction\",\"target\":{\"@type\":\"EntryPoint\",\"urlTemplate\":\"https:\/\/grupolifandi.com.mx\/blog\/?s={search_term_string}\"},\"query-input\":{\"@type\":\"PropertyValueSpecification\",\"valueRequired\":true,\"valueName\":\"search_term_string\"}}],\"inLanguage\":\"es-MX\"},{\"@type\":\"Organization\",\"@id\":\"https:\/\/grupolifandi.com.mx\/blog\/#organization\",\"name\":\"Grupo Lifandi\",\"url\":\"https:\/\/grupolifandi.com.mx\/blog\/\",\"logo\":{\"@type\":\"ImageObject\",\"inLanguage\":\"es-MX\",\"@id\":\"https:\/\/grupolifandi.com.mx\/blog\/#\/schema\/logo\/image\/\",\"url\":\"https:\/\/grupolifandi.com.mx\/blog\/wp-content\/uploads\/2023\/09\/logo-grupo-lifandi.png\",\"contentUrl\":\"https:\/\/grupolifandi.com.mx\/blog\/wp-content\/uploads\/2023\/09\/logo-grupo-lifandi.png\",\"width\":256,\"height\":256,\"caption\":\"Grupo Lifandi\"},\"image\":{\"@id\":\"https:\/\/grupolifandi.com.mx\/blog\/#\/schema\/logo\/image\/\"},\"sameAs\":[\"https:\/\/www.facebook.com\/GrupoLifandi\",\"https:\/\/x.com\/GrupoLifandi\",\"https:\/\/www.linkedin.com\/company\/grupo-lifandi\/\"]},{\"@type\":\"Person\",\"@id\":\"https:\/\/grupolifandi.com.mx\/blog\/#\/schema\/person\/060d4182d7707f3bab9dffe9c89cfe57\",\"name\":\"Conoce m\u00e1s sobre nosotros\",\"image\":{\"@type\":\"ImageObject\",\"inLanguage\":\"es-MX\",\"@id\":\"https:\/\/grupolifandi.com.mx\/blog\/#\/schema\/person\/image\/\",\"url\":\"https:\/\/secure.gravatar.com\/avatar\/ca9984f3626425f3c5c73e954c326396?s=96&d=mm&r=g\",\"contentUrl\":\"https:\/\/secure.gravatar.com\/avatar\/ca9984f3626425f3c5c73e954c326396?s=96&d=mm&r=g\",\"caption\":\"Conoce m\u00e1s sobre nosotros\"},\"sameAs\":[\"https:\/\/grupolifandi.com.mx\",\"https:\/\/www.facebook.com\/GrupoLifandi\",\"https:\/\/www.linkedin.com\/company\/grupo-lifandi\/\",\"https:\/\/x.com\/https:\/\/twitter.com\/GrupoLifandi\"],\"url\":\"https:\/\/grupolifandi.com.mx\/blog\/author\/grupolifandi\/\"}]}<\/script>\n<!-- \/ Yoast SEO Premium plugin. -->","yoast_head_json":{"title":"Capacidad de almacenamiento: Descubre como calcularla. | Blog","description":"Capacidad de almacenamiento: el primer paso es medir las dimensiones del almac\u00e9n, despu\u00e9s calcular el volumen, y la densidad de almacenamiento","robots":{"index":"index","follow":"follow","max-snippet":"max-snippet:-1","max-image-preview":"max-image-preview:large","max-video-preview":"max-video-preview:-1"},"canonical":"https:\/\/grupolifandi.com.mx\/blog\/capacidad-de-almacenamiento-descubre-como-calcularla\/","og_locale":"es_MX","og_type":"article","og_title":"Capacidad de almacenamiento: Descubre como calcularla.","og_description":"Capacidad de almacenamiento: el primer paso es medir las dimensiones del almac\u00e9n, despu\u00e9s calcular el volumen, y la densidad de almacenamiento","og_url":"https:\/\/grupolifandi.com.mx\/blog\/capacidad-de-almacenamiento-descubre-como-calcularla\/","og_site_name":"Blog","article_publisher":"https:\/\/www.facebook.com\/GrupoLifandi","article_author":"https:\/\/www.facebook.com\/GrupoLifandi","article_published_time":"2023-12-05T21:51:15+00:00","article_modified_time":"2023-12-11T15:16:18+00:00","og_image":[{"width":696,"height":522,"url":"https:\/\/grupolifandi.com.mx\/blog\/wp-content\/uploads\/2023\/12\/capacidad-alamacenamiento.png","type":"image\/png"}],"author":"Conoce m\u00e1s sobre nosotros","twitter_card":"summary_large_image","twitter_creator":"@https:\/\/twitter.com\/GrupoLifandi","twitter_site":"@GrupoLifandi","twitter_misc":{"Escrito por":"Conoce m\u00e1s sobre nosotros","Tiempo de lectura":"5 minutos"},"schema":{"@context":"https:\/\/schema.org","@graph":[{"@type":"Article","@id":"https:\/\/grupolifandi.com.mx\/blog\/capacidad-de-almacenamiento-descubre-como-calcularla\/#article","isPartOf":{"@id":"https:\/\/grupolifandi.com.mx\/blog\/capacidad-de-almacenamiento-descubre-como-calcularla\/"},"author":{"name":"Conoce m\u00e1s sobre nosotros","@id":"https:\/\/grupolifandi.com.mx\/blog\/#\/schema\/person\/060d4182d7707f3bab9dffe9c89cfe57"},"headline":"Capacidad de almacenamiento: Descubre como calcularla.","datePublished":"2023-12-05T21:51:15+00:00","dateModified":"2023-12-11T15:16:18+00:00","mainEntityOfPage":{"@id":"https:\/\/grupolifandi.com.mx\/blog\/capacidad-de-almacenamiento-descubre-como-calcularla\/"},"wordCount":774,"commentCount":0,"publisher":{"@id":"https:\/\/grupolifandi.com.mx\/blog\/#organization"},"image":{"@id":"https:\/\/grupolifandi.com.mx\/blog\/capacidad-de-almacenamiento-descubre-como-calcularla\/#primaryimage"},"thumbnailUrl":"https:\/\/grupolifandi.com.mx\/blog\/wp-content\/uploads\/2023\/12\/capacidad-alamacenamiento.png","articleSection":["Log\u00edstica de Almac\u00e9n"],"inLanguage":"es-MX","potentialAction":[{"@type":"CommentAction","name":"Comment","target":["https:\/\/grupolifandi.com.mx\/blog\/capacidad-de-almacenamiento-descubre-como-calcularla\/#respond"]}]},{"@type":"WebPage","@id":"https:\/\/grupolifandi.com.mx\/blog\/capacidad-de-almacenamiento-descubre-como-calcularla\/","url":"https:\/\/grupolifandi.com.mx\/blog\/capacidad-de-almacenamiento-descubre-como-calcularla\/","name":"Capacidad de almacenamiento: Descubre como calcularla. | Blog","isPartOf":{"@id":"https:\/\/grupolifandi.com.mx\/blog\/#website"},"primaryImageOfPage":{"@id":"https:\/\/grupolifandi.com.mx\/blog\/capacidad-de-almacenamiento-descubre-como-calcularla\/#primaryimage"},"image":{"@id":"https:\/\/grupolifandi.com.mx\/blog\/capacidad-de-almacenamiento-descubre-como-calcularla\/#primaryimage"},"thumbnailUrl":"https:\/\/grupolifandi.com.mx\/blog\/wp-content\/uploads\/2023\/12\/capacidad-alamacenamiento.png","datePublished":"2023-12-05T21:51:15+00:00","dateModified":"2023-12-11T15:16:18+00:00","description":"Capacidad de almacenamiento: el primer paso es medir las dimensiones del almac\u00e9n, despu\u00e9s calcular el volumen, y la densidad de almacenamiento","breadcrumb":{"@id":"https:\/\/grupolifandi.com.mx\/blog\/capacidad-de-almacenamiento-descubre-como-calcularla\/#breadcrumb"},"inLanguage":"es-MX","potentialAction":[{"@type":"ReadAction","target":["https:\/\/grupolifandi.com.mx\/blog\/capacidad-de-almacenamiento-descubre-como-calcularla\/"]}]},{"@type":"ImageObject","inLanguage":"es-MX","@id":"https:\/\/grupolifandi.com.mx\/blog\/capacidad-de-almacenamiento-descubre-como-calcularla\/#primaryimage","url":"https:\/\/grupolifandi.com.mx\/blog\/wp-content\/uploads\/2023\/12\/capacidad-alamacenamiento.png","contentUrl":"https:\/\/grupolifandi.com.mx\/blog\/wp-content\/uploads\/2023\/12\/capacidad-alamacenamiento.png","width":696,"height":522,"caption":"capacidad de almacenamiento"},{"@type":"BreadcrumbList","@id":"https:\/\/grupolifandi.com.mx\/blog\/capacidad-de-almacenamiento-descubre-como-calcularla\/#breadcrumb","itemListElement":[{"@type":"ListItem","position":1,"name":"Inicio","item":"https:\/\/grupolifandi.com.mx\/blog\/"},{"@type":"ListItem","position":2,"name":"Capacidad de almacenamiento: Descubre como calcularla."}]},{"@type":"WebSite","@id":"https:\/\/grupolifandi.com.mx\/blog\/#website","url":"https:\/\/grupolifandi.com.mx\/blog\/","name":"Blog","description":"Dedicado a ofrecer informaci\u00f3n \u00fatil sobre sistemas de alamacenamiento industrial","publisher":{"@id":"https:\/\/grupolifandi.com.mx\/blog\/#organization"},"potentialAction":[{"@type":"SearchAction","target":{"@type":"EntryPoint","urlTemplate":"https:\/\/grupolifandi.com.mx\/blog\/?s={search_term_string}"},"query-input":{"@type":"PropertyValueSpecification","valueRequired":true,"valueName":"search_term_string"}}],"inLanguage":"es-MX"},{"@type":"Organization","@id":"https:\/\/grupolifandi.com.mx\/blog\/#organization","name":"Grupo Lifandi","url":"https:\/\/grupolifandi.com.mx\/blog\/","logo":{"@type":"ImageObject","inLanguage":"es-MX","@id":"https:\/\/grupolifandi.com.mx\/blog\/#\/schema\/logo\/image\/","url":"https:\/\/grupolifandi.com.mx\/blog\/wp-content\/uploads\/2023\/09\/logo-grupo-lifandi.png","contentUrl":"https:\/\/grupolifandi.com.mx\/blog\/wp-content\/uploads\/2023\/09\/logo-grupo-lifandi.png","width":256,"height":256,"caption":"Grupo Lifandi"},"image":{"@id":"https:\/\/grupolifandi.com.mx\/blog\/#\/schema\/logo\/image\/"},"sameAs":["https:\/\/www.facebook.com\/GrupoLifandi","https:\/\/x.com\/GrupoLifandi","https:\/\/www.linkedin.com\/company\/grupo-lifandi\/"]},{"@type":"Person","@id":"https:\/\/grupolifandi.com.mx\/blog\/#\/schema\/person\/060d4182d7707f3bab9dffe9c89cfe57","name":"Conoce m\u00e1s sobre nosotros","image":{"@type":"ImageObject","inLanguage":"es-MX","@id":"https:\/\/grupolifandi.com.mx\/blog\/#\/schema\/person\/image\/","url":"https:\/\/secure.gravatar.com\/avatar\/ca9984f3626425f3c5c73e954c326396?s=96&d=mm&r=g","contentUrl":"https:\/\/secure.gravatar.com\/avatar\/ca9984f3626425f3c5c73e954c326396?s=96&d=mm&r=g","caption":"Conoce m\u00e1s sobre nosotros"},"sameAs":["https:\/\/grupolifandi.com.mx","https:\/\/www.facebook.com\/GrupoLifandi","https:\/\/www.linkedin.com\/company\/grupo-lifandi\/","https:\/\/x.com\/https:\/\/twitter.com\/GrupoLifandi"],"url":"https:\/\/grupolifandi.com.mx\/blog\/author\/grupolifandi\/"}]}},"_links":{"self":[{"href":"https:\/\/grupolifandi.com.mx\/blog\/wp-json\/wp\/v2\/posts\/2158"}],"collection":[{"href":"https:\/\/grupolifandi.com.mx\/blog\/wp-json\/wp\/v2\/posts"}],"about":[{"href":"https:\/\/grupolifandi.com.mx\/blog\/wp-json\/wp\/v2\/types\/post"}],"author":[{"embeddable":true,"href":"https:\/\/grupolifandi.com.mx\/blog\/wp-json\/wp\/v2\/users\/1"}],"replies":[{"embeddable":true,"href":"https:\/\/grupolifandi.com.mx\/blog\/wp-json\/wp\/v2\/comments?post=2158"}],"version-history":[{"count":0,"href":"https:\/\/grupolifandi.com.mx\/blog\/wp-json\/wp\/v2\/posts\/2158\/revisions"}],"wp:featuredmedia":[{"embeddable":true,"href":"https:\/\/grupolifandi.com.mx\/blog\/wp-json\/wp\/v2\/media\/2362"}],"wp:attachment":[{"href":"https:\/\/grupolifandi.com.mx\/blog\/wp-json\/wp\/v2\/media?parent=2158"}],"wp:term":[{"taxonomy":"category","embeddable":true,"href":"https:\/\/grupolifandi.com.mx\/blog\/wp-json\/wp\/v2\/categories?post=2158"},{"taxonomy":"post_tag","embeddable":true,"href":"https:\/\/grupolifandi.com.mx\/blog\/wp-json\/wp\/v2\/tags?post=2158"}],"curies":[{"name":"wp","href":"https:\/\/api.w.org\/{rel}","templated":true}]}}